{"id":247,"date":"2007-10-05T12:50:00","date_gmt":"2007-10-05T12:50:00","guid":{"rendered":"http:\/\/fabiocavalcante.com\/blog\/?p=247"},"modified":"2025-05-31T01:43:36","modified_gmt":"2025-05-31T01:43:36","slug":"doristi-na-pauta-maldita-os-videos","status":"publish","type":"post","link":"https:\/\/fabiocavalcante.com\/blog\/doristi-na-pauta-maldita-os-videos\/","title":{"rendered":"Doristi na Pauta Maldita"},"content":{"rendered":"\n<figure class=\"wp-block-embed is-type-video is-provider-youtube wp-block-embed-youtube wp-embed-aspect-16-9 wp-has-aspect-ratio\"><div class=\"wp-block-embed__wrapper\">\n<iframe loading=\"lazy\" title=\"DORISTI NA PAUTA MALDITA - Waldemar Henrique (Bel\u00e9m, 2007)\" width=\"500\" height=\"281\" src=\"https:\/\/www.youtube.com\/embed\/videoseries?list=PL610ED5D98637F949\" frameborder=\"0\" allow=\"accelerometer; autoplay; clipboard-write; encrypted-media; gyroscope; picture-in-picture; web-share\" referrerpolicy=\"strict-origin-when-cross-origin\" allowfullscreen><\/iframe>\n<\/div><\/figure>\n\n\n\n<p>Eis os v\u00eddeos da apresenta\u00e7\u00e3o do <a href=\"https:\/\/fabiocavalcante.com\/discos\/doristi\/\" target=\"_blank\" rel=\"noreferrer noopener\">Doristi<\/a> no <a href=\"https:\/\/pt.wikipedia.org\/wiki\/Teatro_Experimental_Waldemar_Henrique\" target=\"_blank\" rel=\"noopener noreferrer\">Teatro Waldemar Henrique<\/a>, no dia 15 de fevereiro de 2007, \u00e0s 24 horas. Essa apresenta\u00e7\u00e3o foi a abertura da projeto &#8220;Pauta Maldita&#8221;, que pretendia acontecer quinzenalmente, \u00e0 meia-noite, mas que morreu na segunda edi\u00e7\u00e3o, onde tamb\u00e9m participei, com o <a href=\"https:\/\/fgcproducoes.fabiocavalcante.com\/artistas\/fabio-cavalcante\/artesanato-furioso\/\" target=\"_blank\" rel=\"noreferrer noopener\">Artesanato Furioso<\/a>. Infelizmente a grava\u00e7\u00e3o de \u00e1udio ficou p\u00e9ssima &#8211; o plug do gravador foi colocado no buraco errado da mesa (snif! snif!). A grava\u00e7\u00e3o ficou baixinha e com chiado, e, irritado, pensei at\u00e9 em n\u00e3o postar nada do show. Passada a irrita\u00e7\u00e3o, t\u00f4 aqui postando tudo.<\/p>\n\n\n\n<p>No repert\u00f3rio est\u00e3o as m\u00fasicas Alga Vive, San Ozama, Toada, Kaura-um, Retumb\u00e3o, Lundu, Abacaba, Aug\u00e9, Urubu, Ongom ongom, Very cat e Zaparip. Todas s\u00e3o do disco Doristi, exceto Urubu, parceria minha com o <a href=\"https:\/\/open.spotify.com\/artist\/7cKWRupZws7hUlVMpZ9T7t\" target=\"_blank\" rel=\"noopener noreferrer\">Allan Carvalho<\/a>, e uma homenagem ao <a href=\"https:\/\/pt.wikipedia.org\/wiki\/Waldemar_Henrique\" target=\"_blank\" rel=\"noreferrer noopener\">Waldemar Henrique<\/a>, que no dia da apresenta\u00e7\u00e3o faria 102 anos de idade. Jogando com a ideia de invers\u00e3o da <a href=\"http:\/\/www.fabiocavalcante.com\/textos\/FGC_DoristiTeoria.pdf\" target=\"_blank\" rel=\"noopener noreferrer\">teoria doristi<\/a>, eu Allan compusemos este &#8220;invers\u00e3o&#8221; do sentido da letra de <a href=\"https:\/\/www.letras.mus.br\/waldemar-henrique\/388715\/\" target=\"_blank\" rel=\"noopener noreferrer\">Uirapuru<\/a>, que ficou assim:<\/p>\n\n\n\n<p class=\"has-text-align-center\"><strong>Urubu<\/strong><br>(<i>F\u00e1bio Cavalcante e Allan Carvalho<\/i>)<\/p>\n\n\n\n<blockquote class=\"wp-block-quote is-layout-flow wp-block-quote-is-layout-flow\">\n<p><em>Nunca mais de triparia \/ Eu subi a tamandar\u00e9<\/em><br><em>O almofadinha afundava \/ E ficava caladinho<\/em><br><em>I\u00e1 i\u00e1, e ficava caladinho<\/em><br><em>I\u00e1 i\u00e1, caladinho almofadinha<\/em><\/p>\n\n\n\n<p><em>Respeitava a realidade \/ e pariu olha o pomb\u00e3o<\/em><br><em>Despintou com humildade \/ que soltou o urubu<\/em><br><em>Hum hum, que soltou o urubu<\/em><br><em>Hum hum, caladinho almofadinha<\/em><\/p>\n\n\n\n<p><em>Me mentiu sobre o Kojak \/ pai-do-fogo e o mineral<\/em><br><em>Calou do sei l\u00e1 quem \u00e9 \/ que chora com o sol a pino<\/em><br><em>Ui ui, que chora com o sol a pino<\/em><br><em>Ui ui, caladinho almofadinha<\/em><\/p>\n\n\n\n<p><em>Bem na noite que eu me for \/ o santinho vai amar<\/em><br><em>Ele vai deixar relax \/ all these dirty motherfucker<\/em><br><em>I\u00e1 i\u00e1, all these dirty motherfucker<\/em><br><em>I\u00e1 i\u00e1, caladinho almofadinha<\/em><\/p>\n\n\n\n<p><em>Foi feito um pedido ao p\u00fablico que, caso gostassem, nos vaiassem e n\u00e3o aplaudissem. Eles gostaram.<\/em><br><em>No meio da grava\u00e7\u00e3o toco na flauta a melodia do Uirapuru.<\/em><\/p>\n<\/blockquote>\n\n\n\n<p>E Very cat tamb\u00e9m \u00e9 uma homenagem &#8211; ao <a href=\"http:\/\/bomgadamata.wordpress.com\/2008\/06\/08\/mestre-verequete-o-rei-do-carimbo\/\" target=\"_blank\" rel=\"noopener noreferrer\">Verequete<\/a>.<\/p>\n\n\n\n<p>Contei com as participa\u00e7\u00f5es especiais dos m\u00fasicos Allan Carvalho (banjo e voz), Edgar Jr (percuss\u00e3o), Rafael Barros (percuss\u00e3o) e <a href=\"http:\/\/www.overmundo.com.br\/perfis\/renato-torres\" target=\"_blank\" rel=\"noopener noreferrer\">Renato Torres<\/a> (viol\u00e3o, guitarra e voz), e dos dan\u00e7arinos Aninha, Lorena, Maur\u00edcio e Max. A filmagem foi feita pelo Josemar.<\/p>\n\n\n\n<h3 class=\"wp-block-heading\">Projeto Doristi<\/h3>\n\n\n\n<p>Doristi \u00e9 um projeto meu de 2005, que teve o apoio do Instituto de Artes do Par\u00e1 (IAP), atrav\u00e9s de uma bolsa de pesquisa, experimenta\u00e7\u00e3o e cria\u00e7\u00e3o art\u00edstica. Dele fiz um disco e dois livros.<\/p>\n\n\n\n<p>O disco \u00e9 esse abaixo, gravado entre setembro de 2005 e maio de 2006, em Our\u00e9m\/PA. Todos os arranjos e grava\u00e7\u00f5es s\u00e3o meus, e o projeto gr\u00e1fico \u00e9 de <a href=\"https:\/\/www.instagram.com\/lucianalealcavalcante\/\">Luciana Leal<\/a>.<\/p>\n\n\n\n<figure class=\"wp-block-embed is-type-rich is-provider-spotify wp-block-embed-spotify\"><div class=\"wp-block-embed__wrapper\">\n<iframe title=\"Spotify Embed: Doristi\" style=\"border-radius: 12px\" width=\"100%\" height=\"352\" frameborder=\"0\" allowfullscreen allow=\"autoplay; clipboard-write; encrypted-media; fullscreen; picture-in-picture\" loading=\"lazy\" src=\"https:\/\/open.spotify.com\/embed\/album\/6ZGGvzbwRMBywdQR6mMdsa?si=Pk0Ml8-3QXelD4ESuXucqQ&#038;utm_source=oembed\"><\/iframe>\n<\/div><\/figure>\n\n\n\n<p>Participaram das grava\u00e7\u00f5es eu, F\u00e1bio Cavalcante (vozes, viol\u00f5es e flauta doce), Allan Pinheiro de Carvalho (banjo e coro),&nbsp;Natalino \u201cCaratinga\u201d Brasil (barricas, atabaques, pandeiro meia-lua, caxixi, claves, tri\u00e2ngulo, ganz\u00e1, maracas, talheres, pente, on\u00e7a e coco) e&nbsp;Odin\u00e9ia Nascimento (coro). E o disco contou com a participa\u00e7\u00e3o especial da Comiss\u00e3o de S\u00e3o Benedito de Our\u00e9m, sob o comando de Mimi Cachimbo, na faixa 8.<\/p>\n\n\n\n<figure class=\"wp-block-gallery has-nested-images columns-default is-cropped wp-block-gallery-1 is-layout-flex wp-block-gallery-is-layout-flex\">\n<figure class=\"wp-block-image size-large\"><a href=\"https:\/\/fabiocavalcante.com\/blog\/wp-content\/uploads\/2007\/10\/doristigravacao01.jpg\"><img loading=\"lazy\" decoding=\"async\" width=\"800\" height=\"600\" data-id=\"3870\" src=\"https:\/\/fabiocavalcante.com\/blog\/wp-content\/uploads\/2007\/10\/doristigravacao01.jpg\" alt=\"\" class=\"wp-image-3870\" srcset=\"https:\/\/fabiocavalcante.com\/blog\/wp-content\/uploads\/2007\/10\/doristigravacao01.jpg 800w, https:\/\/fabiocavalcante.com\/blog\/wp-content\/uploads\/2007\/10\/doristigravacao01-300x225.jpg 300w, https:\/\/fabiocavalcante.com\/blog\/wp-content\/uploads\/2007\/10\/doristigravacao01-768x576.jpg 768w\" sizes=\"auto, (max-width: 800px) 100vw, 800px\" \/><\/a><figcaption class=\"wp-element-caption\">Natalino Caratinga<\/figcaption><\/figure>\n\n\n\n<figure class=\"wp-block-image size-large\"><a href=\"https:\/\/fabiocavalcante.com\/blog\/wp-content\/uploads\/2007\/10\/doristigravacao02.jpg\"><img loading=\"lazy\" decoding=\"async\" width=\"800\" height=\"600\" data-id=\"3869\" src=\"https:\/\/fabiocavalcante.com\/blog\/wp-content\/uploads\/2007\/10\/doristigravacao02.jpg\" alt=\"\" class=\"wp-image-3869\" srcset=\"https:\/\/fabiocavalcante.com\/blog\/wp-content\/uploads\/2007\/10\/doristigravacao02.jpg 800w, https:\/\/fabiocavalcante.com\/blog\/wp-content\/uploads\/2007\/10\/doristigravacao02-300x225.jpg 300w, https:\/\/fabiocavalcante.com\/blog\/wp-content\/uploads\/2007\/10\/doristigravacao02-768x576.jpg 768w\" sizes=\"auto, (max-width: 800px) 100vw, 800px\" \/><\/a><figcaption class=\"wp-element-caption\">Natalino Caratinga<\/figcaption><\/figure>\n\n\n\n<figure class=\"wp-block-image size-large\"><a href=\"https:\/\/fabiocavalcante.com\/blog\/wp-content\/uploads\/2007\/10\/doristigravacao03.jpg\"><img loading=\"lazy\" decoding=\"async\" width=\"600\" height=\"800\" data-id=\"3868\" src=\"https:\/\/fabiocavalcante.com\/blog\/wp-content\/uploads\/2007\/10\/doristigravacao03.jpg\" alt=\"\" class=\"wp-image-3868\" srcset=\"https:\/\/fabiocavalcante.com\/blog\/wp-content\/uploads\/2007\/10\/doristigravacao03.jpg 600w, https:\/\/fabiocavalcante.com\/blog\/wp-content\/uploads\/2007\/10\/doristigravacao03-225x300.jpg 225w\" sizes=\"auto, (max-width: 600px) 100vw, 600px\" \/><\/a><figcaption class=\"wp-element-caption\">Natalino Caratinga<\/figcaption><\/figure>\n\n\n\n<figure class=\"wp-block-image size-large\"><a href=\"https:\/\/fabiocavalcante.com\/blog\/wp-content\/uploads\/2007\/10\/doristigravacao04.jpg\"><img loading=\"lazy\" decoding=\"async\" width=\"800\" height=\"600\" data-id=\"3867\" src=\"https:\/\/fabiocavalcante.com\/blog\/wp-content\/uploads\/2007\/10\/doristigravacao04.jpg\" alt=\"\" class=\"wp-image-3867\" srcset=\"https:\/\/fabiocavalcante.com\/blog\/wp-content\/uploads\/2007\/10\/doristigravacao04.jpg 800w, https:\/\/fabiocavalcante.com\/blog\/wp-content\/uploads\/2007\/10\/doristigravacao04-300x225.jpg 300w, https:\/\/fabiocavalcante.com\/blog\/wp-content\/uploads\/2007\/10\/doristigravacao04-768x576.jpg 768w\" sizes=\"auto, (max-width: 800px) 100vw, 800px\" \/><\/a><figcaption class=\"wp-element-caption\">Allan Carvalho<\/figcaption><\/figure>\n\n\n\n<figure class=\"wp-block-image size-large\"><a href=\"https:\/\/fabiocavalcante.com\/blog\/wp-content\/uploads\/2007\/10\/doristigravacao05.jpg\"><img loading=\"lazy\" decoding=\"async\" width=\"800\" height=\"600\" data-id=\"3866\" src=\"https:\/\/fabiocavalcante.com\/blog\/wp-content\/uploads\/2007\/10\/doristigravacao05.jpg\" alt=\"\" class=\"wp-image-3866\" srcset=\"https:\/\/fabiocavalcante.com\/blog\/wp-content\/uploads\/2007\/10\/doristigravacao05.jpg 800w, https:\/\/fabiocavalcante.com\/blog\/wp-content\/uploads\/2007\/10\/doristigravacao05-300x225.jpg 300w, https:\/\/fabiocavalcante.com\/blog\/wp-content\/uploads\/2007\/10\/doristigravacao05-768x576.jpg 768w\" sizes=\"auto, (max-width: 800px) 100vw, 800px\" \/><\/a><figcaption class=\"wp-element-caption\">Allan Carvalho<\/figcaption><\/figure>\n<\/figure>\n\n\n\n<p><\/p>\n\n\n\n<p>Os dois livros que fiz no projeto foram \u201c<a href=\"https:\/\/archive.org\/download\/Doristi-livros\/Doristi_01_Teoria.pdf\" target=\"_blank\" rel=\"noreferrer noopener\">Doristi \u2013 Teoria<\/a>\u201d (onde apresento o sistema Doristi, usado nas composi\u00e7\u00f5es deste disco) e \u201c<a href=\"https:\/\/www.amazon.com.br\/Doristi-Songbook-F%C3%A1bio-Cavalcante-ebook\/dp\/B07GDVBS5B\" target=\"_blank\" rel=\"noreferrer noopener\">Doristi \u2013 Songbook<\/a>\u201d, com as partituras das 14 m\u00fasicas do disco (com grade completa, partes cavas e letras cifradas).<\/p>\n\n\n\n<div class=\"wp-block-columns has-light-gray-background-color has-background is-layout-flex wp-container-core-columns-is-layout-28f84493 wp-block-columns-is-layout-flex\" style=\"border-top-color:var(--wp--preset--color--accent-6);border-top-width:1px;border-bottom-color:var(--wp--preset--color--accent-6);border-bottom-width:1px\">\n<div class=\"wp-block-column is-layout-flow wp-block-column-is-layout-flow\" style=\"flex-basis:33.33%\">\n<figure class=\"wp-block-image size-full has-custom-border\"><a href=\"https:\/\/www.amazon.com.br\/dp\/B07GDVBS5B\" target=\"_blank\" rel=\"noopener\"><img loading=\"lazy\" decoding=\"async\" width=\"250\" height=\"353\" src=\"https:\/\/fabiocavalcante.com\/blog\/wp-content\/uploads\/2019\/02\/doristi_songbook.jpg\" alt=\"\" class=\"has-border-color has-accent-6-border-color wp-image-1212\" style=\"border-width:1px\" srcset=\"https:\/\/fabiocavalcante.com\/blog\/wp-content\/uploads\/2019\/02\/doristi_songbook.jpg 250w, https:\/\/fabiocavalcante.com\/blog\/wp-content\/uploads\/2019\/02\/doristi_songbook-212x300.jpg 212w\" sizes=\"auto, (max-width: 250px) 100vw, 250px\" \/><\/a><\/figure>\n<\/div>\n\n\n\n<div class=\"wp-block-column is-layout-flow wp-block-column-is-layout-flow\" style=\"flex-basis:66.66%\">\n<pre class=\"wp-block-preformatted\"><strong><a href=\"https:\/\/www.amazon.com.br\/dp\/B07GDVBS5B\" target=\"_blank\" rel=\"noreferrer noopener\">Doristi -&nbsp;Songbook<\/a><\/strong>&nbsp;(<em>2006, Our\u00e9m, Par\u00e1<\/em>). Songbook do disco Doristi, gravado em 2006, na cidade de Our\u00e9m, Par\u00e1.<\/pre>\n\n\n\n<figure class=\"wp-block-image size-full is-resized\"><a href=\"https:\/\/www.amazon.com.br\/dp\/B07GDVBS5B\" target=\"_blank\" rel=\" noreferrer noopener\"><img loading=\"lazy\" decoding=\"async\" width=\"178\" height=\"173\" src=\"https:\/\/fabiocavalcante.com\/blog\/wp-content\/uploads\/2017\/12\/Icon-Download.png\" alt=\"\" class=\"wp-image-2669\" style=\"width:70px\"\/><\/a><\/figure>\n<\/div>\n<\/div>\n\n\n\n<p>Um encarte com todas as letras do \u00e1lbum tamb\u00e9m pode ser baixado&nbsp;<a href=\"http:\/\/www.fabiocavalcante.com\/textos\/fgcdoristiletras.pdf\" target=\"_blank\" rel=\"noreferrer noopener\">aqui<\/a>.<\/p>\n\n\n\n<p>Por fim, em 02 de dezembro de 2005, apresentei as m\u00fasicas do disco no \u201cArte Final\u201d, evento que reunia os bolsistas do IAP daquele ano. Tocaram comigo Roseane, Renato Torres, Allan Carvalho, Natalino \u201cCaratinga\u201d e Andr\u00e9 \u201cMixico\u201d. Eis algumas imagens dessa noite. <\/p>\n\n\n\n<figure class=\"wp-block-gallery has-nested-images columns-3 is-cropped wp-block-gallery-2 is-layout-flex wp-block-gallery-is-layout-flex\">\n<figure class=\"wp-block-image size-large\"><a href=\"https:\/\/fabiocavalcante.com\/blog\/wp-content\/uploads\/2007\/10\/doristiiap01.jpg\"><img loading=\"lazy\" decoding=\"async\" width=\"800\" height=\"600\" data-id=\"3872\" src=\"https:\/\/fabiocavalcante.com\/blog\/wp-content\/uploads\/2007\/10\/doristiiap01.jpg\" alt=\"\" class=\"wp-image-3872\" srcset=\"https:\/\/fabiocavalcante.com\/blog\/wp-content\/uploads\/2007\/10\/doristiiap01.jpg 800w, https:\/\/fabiocavalcante.com\/blog\/wp-content\/uploads\/2007\/10\/doristiiap01-300x225.jpg 300w, https:\/\/fabiocavalcante.com\/blog\/wp-content\/uploads\/2007\/10\/doristiiap01-768x576.jpg 768w\" sizes=\"auto, (max-width: 800px) 100vw, 800px\" \/><\/a><figcaption class=\"wp-element-caption\"><em>Renato Torres, F\u00e1bio Cavalcante e Allan Carvalho<\/em><\/figcaption><\/figure>\n\n\n\n<figure class=\"wp-block-image size-large\"><a href=\"https:\/\/fabiocavalcante.com\/blog\/wp-content\/uploads\/2007\/10\/doristiiap02.jpg\"><img loading=\"lazy\" decoding=\"async\" width=\"800\" height=\"600\" data-id=\"3877\" src=\"https:\/\/fabiocavalcante.com\/blog\/wp-content\/uploads\/2007\/10\/doristiiap02.jpg\" alt=\"\" class=\"wp-image-3877\" srcset=\"https:\/\/fabiocavalcante.com\/blog\/wp-content\/uploads\/2007\/10\/doristiiap02.jpg 800w, https:\/\/fabiocavalcante.com\/blog\/wp-content\/uploads\/2007\/10\/doristiiap02-300x225.jpg 300w, https:\/\/fabiocavalcante.com\/blog\/wp-content\/uploads\/2007\/10\/doristiiap02-768x576.jpg 768w\" sizes=\"auto, (max-width: 800px) 100vw, 800px\" \/><\/a><figcaption class=\"wp-element-caption\"><em>Roseane, Renato Torres, F\u00e1bio Cavalcante, Allan Carvalho, \u201cCaratinga\u201d e Andr\u00e9 \u201cMixico\u201d<\/em><\/figcaption><\/figure>\n\n\n\n<figure class=\"wp-block-image size-large\"><a href=\"https:\/\/fabiocavalcante.com\/blog\/wp-content\/uploads\/2007\/10\/doristiiap03.jpg\"><img loading=\"lazy\" decoding=\"async\" width=\"800\" height=\"600\" data-id=\"3873\" src=\"https:\/\/fabiocavalcante.com\/blog\/wp-content\/uploads\/2007\/10\/doristiiap03.jpg\" alt=\"\" class=\"wp-image-3873\" srcset=\"https:\/\/fabiocavalcante.com\/blog\/wp-content\/uploads\/2007\/10\/doristiiap03.jpg 800w, https:\/\/fabiocavalcante.com\/blog\/wp-content\/uploads\/2007\/10\/doristiiap03-300x225.jpg 300w, https:\/\/fabiocavalcante.com\/blog\/wp-content\/uploads\/2007\/10\/doristiiap03-768x576.jpg 768w\" sizes=\"auto, (max-width: 800px) 100vw, 800px\" \/><\/a><figcaption class=\"wp-element-caption\"><em>F\u00e1bio Cavalcante<\/em><\/figcaption><\/figure>\n\n\n\n<figure class=\"wp-block-image size-large\"><a href=\"https:\/\/fabiocavalcante.com\/blog\/wp-content\/uploads\/2007\/10\/doristiiap04.jpg\"><img loading=\"lazy\" decoding=\"async\" width=\"800\" height=\"600\" data-id=\"3876\" src=\"https:\/\/fabiocavalcante.com\/blog\/wp-content\/uploads\/2007\/10\/doristiiap04.jpg\" alt=\"\" class=\"wp-image-3876\" srcset=\"https:\/\/fabiocavalcante.com\/blog\/wp-content\/uploads\/2007\/10\/doristiiap04.jpg 800w, https:\/\/fabiocavalcante.com\/blog\/wp-content\/uploads\/2007\/10\/doristiiap04-300x225.jpg 300w, https:\/\/fabiocavalcante.com\/blog\/wp-content\/uploads\/2007\/10\/doristiiap04-768x576.jpg 768w\" sizes=\"auto, (max-width: 800px) 100vw, 800px\" \/><\/a><figcaption class=\"wp-element-caption\"><em>Renato Torres, F\u00e1bio Cavalcante e Allan Carvalho<\/em><\/figcaption><\/figure>\n\n\n\n<figure class=\"wp-block-image size-large\"><a href=\"https:\/\/fabiocavalcante.com\/blog\/wp-content\/uploads\/2007\/10\/doristiiap06.jpg\"><img loading=\"lazy\" decoding=\"async\" width=\"800\" height=\"600\" data-id=\"3874\" src=\"https:\/\/fabiocavalcante.com\/blog\/wp-content\/uploads\/2007\/10\/doristiiap06.jpg\" alt=\"\" class=\"wp-image-3874\" srcset=\"https:\/\/fabiocavalcante.com\/blog\/wp-content\/uploads\/2007\/10\/doristiiap06.jpg 800w, https:\/\/fabiocavalcante.com\/blog\/wp-content\/uploads\/2007\/10\/doristiiap06-300x225.jpg 300w, https:\/\/fabiocavalcante.com\/blog\/wp-content\/uploads\/2007\/10\/doristiiap06-768x576.jpg 768w\" sizes=\"auto, (max-width: 800px) 100vw, 800px\" \/><\/a><figcaption class=\"wp-element-caption\"><em>Roseane, Renato Torres, F\u00e1bio Cavalcante, Allan Carvalho, \u201cCaratinga\u201d e Andr\u00e9 \u201cMixico\u201d<\/em><\/figcaption><\/figure>\n\n\n\n<figure class=\"wp-block-image size-large\"><a href=\"https:\/\/fabiocavalcante.com\/blog\/wp-content\/uploads\/2007\/10\/doristiiap07.jpg\"><img loading=\"lazy\" decoding=\"async\" width=\"600\" height=\"800\" data-id=\"3871\" src=\"https:\/\/fabiocavalcante.com\/blog\/wp-content\/uploads\/2007\/10\/doristiiap07.jpg\" alt=\"\" class=\"wp-image-3871\" srcset=\"https:\/\/fabiocavalcante.com\/blog\/wp-content\/uploads\/2007\/10\/doristiiap07.jpg 600w, https:\/\/fabiocavalcante.com\/blog\/wp-content\/uploads\/2007\/10\/doristiiap07-225x300.jpg 225w\" sizes=\"auto, (max-width: 600px) 100vw, 600px\" \/><\/a><figcaption class=\"wp-element-caption\"><em>Roseane e Renato Torres<\/em><\/figcaption><\/figure>\n<\/figure>\n\n\n\n<figure class=\"wp-block-image size-full has-custom-border\"><img loading=\"lazy\" decoding=\"async\" width=\"800\" height=\"800\" src=\"https:\/\/fabiocavalcante.com\/blog\/wp-content\/uploads\/2019\/02\/Doristi-ConstrucaoDaCapa3.jpg\" alt=\"\" class=\"has-border-color has-accent-6-border-color wp-image-1211\" style=\"border-width:1px\" srcset=\"https:\/\/fabiocavalcante.com\/blog\/wp-content\/uploads\/2019\/02\/Doristi-ConstrucaoDaCapa3.jpg 800w, https:\/\/fabiocavalcante.com\/blog\/wp-content\/uploads\/2019\/02\/Doristi-ConstrucaoDaCapa3-150x150.jpg 150w, https:\/\/fabiocavalcante.com\/blog\/wp-content\/uploads\/2019\/02\/Doristi-ConstrucaoDaCapa3-300x300.jpg 300w, https:\/\/fabiocavalcante.com\/blog\/wp-content\/uploads\/2019\/02\/Doristi-ConstrucaoDaCapa3-768x768.jpg 768w\" sizes=\"auto, (max-width: 800px) 100vw, 800px\" \/><figcaption class=\"wp-element-caption\">Capa por Luciana Leal<\/figcaption><\/figure>\n","protected":false},"excerpt":{"rendered":"<p>Eis os v\u00eddeos da apresenta\u00e7\u00e3o do Doristi no Teatro Waldemar Henrique, no dia 15 de fevereiro de 2007, \u00e0s 24 horas. Essa apresenta\u00e7\u00e3o foi a abertura da projeto &#8220;Pauta Maldita&#8221;, que pretendia acontecer quinzenalmente, \u00e0 meia-noite, mas que morreu na segunda edi\u00e7\u00e3o, onde tamb\u00e9m participei, com o Artesanato Furioso. Infelizmente a grava\u00e7\u00e3o de \u00e1udio ficou [&hellip;]<\/p>\n","protected":false},"author":1,"featured_media":0,"comment_status":"open","ping_status":"open","sticky":false,"template":"","format":"standard","meta":{"footnotes":""},"categories":[5],"tags":[31,52,20,19,36],"class_list":["post-247","post","type-post","status-publish","format-standard","hentry","category-videos","tag-ao-vivo","tag-carimbo","tag-doristi","tag-flauta-doce","tag-teatro-waldemar-henrique"],"_links":{"self":[{"href":"https:\/\/fabiocavalcante.com\/blog\/wp-json\/wp\/v2\/posts\/247","targetHints":{"allow":["GET"]}}],"collection":[{"href":"https:\/\/fabiocavalcante.com\/blog\/wp-json\/wp\/v2\/posts"}],"about":[{"href":"https:\/\/fabiocavalcante.com\/blog\/wp-json\/wp\/v2\/types\/post"}],"author":[{"embeddable":true,"href":"https:\/\/fabiocavalcante.com\/blog\/wp-json\/wp\/v2\/users\/1"}],"replies":[{"embeddable":true,"href":"https:\/\/fabiocavalcante.com\/blog\/wp-json\/wp\/v2\/comments?post=247"}],"version-history":[{"count":19,"href":"https:\/\/fabiocavalcante.com\/blog\/wp-json\/wp\/v2\/posts\/247\/revisions"}],"predecessor-version":[{"id":4623,"href":"https:\/\/fabiocavalcante.com\/blog\/wp-json\/wp\/v2\/posts\/247\/revisions\/4623"}],"wp:attachment":[{"href":"https:\/\/fabiocavalcante.com\/blog\/wp-json\/wp\/v2\/media?parent=247"}],"wp:term":[{"taxonomy":"category","embeddable":true,"href":"https:\/\/fabiocavalcante.com\/blog\/wp-json\/wp\/v2\/categories?post=247"},{"taxonomy":"post_tag","embeddable":true,"href":"https:\/\/fabiocavalcante.com\/blog\/wp-json\/wp\/v2\/tags?post=247"}],"curies":[{"name":"wp","href":"https:\/\/api.w.org\/{rel}","templated":true}]}}