{"id":248,"date":"2007-09-27T06:00:00","date_gmt":"2007-09-27T06:00:00","guid":{"rendered":"http:\/\/fabiocavalcante.com\/blog\/?p=248"},"modified":"2025-06-11T01:33:57","modified_gmt":"2025-06-11T01:33:57","slug":"artesanato-furioso-no-ica","status":"publish","type":"post","link":"https:\/\/fabiocavalcante.com\/blog\/artesanato-furioso-no-ica\/","title":{"rendered":"Artesanato Furioso no ICA"},"content":{"rendered":"\n<p>Apresenta\u00e7\u00e3o do grupo de arte sonora&nbsp;<a href=\"https:\/\/fgcproducoes.fabiocavalcante.com\/artistas\/fabio-cavalcante\/artesanato-furioso\/\" target=\"_blank\" rel=\"noreferrer noopener\">Artesanato Furioso<\/a>, no&nbsp;<a href=\"http:\/\/www.ica.ufpa.br\/\" target=\"_blank\" rel=\"noreferrer noopener\">ICA&nbsp;<\/a>(Instituto de Ci\u00eancias da Arte), dias 22 e 23 de setembro. O duo contou com as participa\u00e7\u00f5es muito especiais dos m\u00fasicos Alan Fonseca,&nbsp;<a href=\"https:\/\/open.spotify.com\/artist\/7cKWRupZws7hUlVMpZ9T7t\" target=\"_blank\" rel=\"noreferrer noopener\">Allan Carvalho<\/a>,&nbsp;<a href=\"https:\/\/www.youtube.com\/channel\/UCi-UCLHk_x3q0FOygypR2Yg\" target=\"_blank\" rel=\"noreferrer noopener\">Arthur Alves<\/a>, Cl\u00e1udio Costa e&nbsp;<a href=\"http:\/\/www.overmundo.com.br\/perfis\/renato-torres\" target=\"_blank\" rel=\"noreferrer noopener\">Renato Torres<\/a>. Tivemos o apoio do Instituto de Ci\u00eancias da Arte (ICA) e do&nbsp;<a href=\"https:\/\/pt.wikipedia.org\/wiki\/Teatro_Experimental_Waldemar_Henrique\" target=\"_blank\" rel=\"noreferrer noopener\">Teatro Experimental Waldemar Henrique<\/a>.<\/p>\n\n\n\n<figure class=\"wp-block-image aligncenter size-large\"><img loading=\"lazy\" decoding=\"async\" width=\"324\" height=\"500\" src=\"https:\/\/fabiocavalcante.com\/blog\/wp-content\/uploads\/2007\/09\/cartaz.jpg\" alt=\"\" class=\"wp-image-514\" srcset=\"https:\/\/fabiocavalcante.com\/blog\/wp-content\/uploads\/2007\/09\/cartaz.jpg 324w, https:\/\/fabiocavalcante.com\/blog\/wp-content\/uploads\/2007\/09\/cartaz-194x300.jpg 194w\" sizes=\"auto, (max-width: 324px) 100vw, 324px\" \/><figcaption class=\"wp-element-caption\">Arte do cartaz por Luciana Leal<\/figcaption><\/figure>\n\n\n\n<p>Ou\u00e7a as grava\u00e7\u00f5es dos dois dias no tocador abaixo.<\/p>\n\n\n\n<p><iframe loading=\"lazy\" src=\"https:\/\/archive.org\/embed\/artesanatofuriosonoica&amp;playlist=1&amp;list_height=210\" width=\"500\" height=\"210\" frameborder=\"0\" webkitallowfullscreen=\"true\" mozallowfullscreen=\"true\" allowfullscreen=\"\"><\/iframe><\/p>\n\n\n\n<p>Se quiser, baixe as m\u00fasicas <a href=\"https:\/\/archive.org\/compress\/artesanatofuriosonoica\/formats=192KBPS%20MP3,JPEG\" target=\"_blank\" rel=\"noreferrer noopener\">aqui (arquivo zip)<\/a>. <\/p>\n\n\n\n<p>No Youtube est\u00e3o postados os v\u00eddeos das 4 pe\u00e7as tocadas na segunda noite, do dia 23. A filmagem foi feita pelo F\u00e1bio Amaral. Veja abaixo.<\/p>\n\n\n\n<figure class=\"wp-block-embed is-type-video is-provider-youtube wp-block-embed-youtube wp-embed-aspect-16-9 wp-has-aspect-ratio\"><div class=\"wp-block-embed__wrapper\">\n<iframe loading=\"lazy\" title=\"ARTESANATO FURIOSO - Instituto de Ci\u00eancias da Arte (Bel\u00e9m, 2007)\" width=\"500\" height=\"281\" src=\"https:\/\/www.youtube.com\/embed\/videoseries?list=PLBDA9CAD8CFE4CE55\" frameborder=\"0\" allow=\"accelerometer; autoplay; clipboard-write; encrypted-media; gyroscope; picture-in-picture; web-share\" referrerpolicy=\"strict-origin-when-cross-origin\" allowfullscreen><\/iframe>\n<\/div><\/figure>\n\n\n\n<p>Esta \u00e9 a ficha t\u00e9cnica:<\/p>\n\n\n\n<blockquote class=\"wp-block-quote is-layout-flow wp-block-quote-is-layout-flow\">\n<p><strong>S\u00e1bado, 22 de setembro, meia-noite.<\/strong><\/p>\n\n\n\n<ol class=\"wp-block-list\">\n<li><strong>Cu cag\u00e3o<\/strong> (<em>F\u00e1bio Cavalcante<\/em>) \u2013&nbsp;<a href=\"https:\/\/www.fabiocavalcante.com\/blog\/arquivos\/21ica\/cucagao.pdf\" target=\"_blank\" rel=\"noreferrer noopener\">partitura<\/a><br><em>Allan Carvalho<\/em>: Coro, Pano<br><em>F\u00e1bio Cavalcante<\/em>: Coro, Sons gravados<br><em>Renato Torres<\/em>: Voz, Bal\u00e3o<br><em>Val\u00e9rio Fiel da Costa<\/em>: Coro, Velcro<\/li>\n\n\n\n<li><strong>Sil\u00eancio, peixes e assombra\u00e7\u00f5es subaqu\u00e1ticas<\/strong> (<em>Val\u00e9rio Fiel da Costa<\/em>) \u2013&nbsp;<a href=\"https:\/\/www.fabiocavalcante.com\/blog\/arquivos\/21ica\/silenciospeixeseassombracoes.pdf\" target=\"_blank\" rel=\"noreferrer noopener\">partitura<\/a><br><em>Arthur Alves<\/em>: Cello com delay<br><em>Val\u00e9rio Fiel<\/em>:&nbsp;<a href=\"http:\/\/www.overmundo.com.br\/overblog\/o-piano-preparado-de-john-cage\" target=\"_blank\" rel=\"noreferrer noopener\">Piano preparado<\/a><\/li>\n\n\n\n<li><strong>Missa<\/strong> (<em>Val\u00e9rio Fiel da Costa<\/em>) \u2013&nbsp;<a href=\"https:\/\/www.fabiocavalcante.com\/blog\/arquivos\/21ica\/missa.pdf\" target=\"_blank\" rel=\"noreferrer noopener\">partitura<\/a><br><em>Alan, Allan, Cl\u00e1udio, Judson, Renato<\/em>: Panelas<br><em>Val\u00e9rio Fiel da Costa<\/em>: Voz, Teclado<\/li>\n\n\n\n<li><strong>M\u00fasica de microfonia<\/strong> (<em>Val\u00e9rio Fiel da Costa \/ F\u00e1bio Cavalcante<\/em>) \u2013&nbsp;<a href=\"https:\/\/www.fabiocavalcante.com\/blog\/arquivos\/21ica\/musicademicrofonia.pdf\" target=\"_blank\" rel=\"noreferrer noopener\">partitura<\/a><br><em>F\u00e1bio Cavalcante<\/em>: Microfone, Toca-disco, M\u00e1quina de chuva, Bal\u00e3o<br><em>Val\u00e9rio Fiel da Costa<\/em>: Microfone, R\u00e1dio, Sons gravados, Roque-roque, Bal\u00e3o, Molho de conchas<\/li>\n<\/ol>\n\n\n\n<p><strong>Domingo, 23 de setembro, 20h<\/strong>.<\/p>\n\n\n\n<ol class=\"wp-block-list\">\n<li> <strong>Polui\u00e7\u00e3o sonora<\/strong> (<em>F\u00e1bio Cavalcante<\/em>)<br><em>Allan Carvalho<\/em>: Bal\u00e3o<br><em>Cl\u00e1udio Costa<\/em>: Copos, Isopor<br><em>F\u00e1bio Cavalcante<\/em>: Sons gravados<br><em>Val\u00e9rio Fiel da Costa<\/em>: Copos, Isopor<\/li>\n\n\n\n<li><strong>Kensho<\/strong> (<em>Val\u00e9rio Fiel da Costa<\/em>) \u2013&nbsp;<a href=\"https:\/\/www.fabiocavalcante.com\/blog\/arquivos\/21ica\/kensho.pdf\" target=\"_blank\" rel=\"noreferrer noopener\">partitura<\/a><br><em>Allan Carvalho<\/em>: Cadeira, Roque-roque, Percuss\u00f5es e Voz<br><em>Cl\u00e1udio Costa<\/em>: Cadeira, Roque-roque, Percuss\u00f5es e Voz<br><em>Val\u00e9rio Fiel da Costa<\/em>: Cadeira, Roque-roque, Percuss\u00f5es e Voz<\/li>\n\n\n\n<li><strong>Cirurgi\u00e3o<\/strong> (<em>F\u00e1bio Cavalcante<\/em>)<br><em>Alan Fonseca<\/em>: Tarraxa de viol\u00e3o<br><em>Cl\u00e1udio Costa<\/em>: Tarraxa de viol\u00e3o<br><em>F\u00e1bio Cavalcante<\/em>: Viol\u00e3o, Pente e Faca<br><em>Val\u00e9rio Fiel da Costa<\/em>: Sons gravados<\/li>\n\n\n\n<li><strong>Trash plastic<\/strong> (<em>Val\u00e9rio Fiel da Costa \/ Lilian Campesato<\/em>)<br><em>F\u00e1bio Cavalcante<\/em>: Pl\u00e1stico, Microfone, Lata de cerveja, Fita gomada<br><em>Val\u00e9rio Fiel da Costa<\/em>: Pl\u00e1stico, Copo, Papel<\/li>\n<\/ol>\n<\/blockquote>\n\n\n\n<p>Este show teve o apoio do Instituto de Ci\u00eancias da Arte (ICA) e do <a href=\"https:\/\/pt.wikipedia.org\/wiki\/Teatro_Experimental_Waldemar_Henrique\" target=\"_blank\" rel=\"noopener\">Teatro Experimental Waldemar Henrique<\/a>. E mais informa\u00e7\u00f5es sobre o Artesanato Furioso voc\u00ea encontra\u00a0<a href=\"http:\/\/www.overmundo.com.br\/overblog\/duo-artesanato-furioso-belem-pa\" target=\"_blank\" rel=\"noreferrer noopener\">aqui<\/a> e <a href=\"https:\/\/fgcproducoes.fabiocavalcante.com\/artistas\/fabio-cavalcante\/artesanato-furioso\/\" target=\"_blank\" rel=\"noreferrer noopener nofollow\">aqui<\/a>.<\/p>\n","protected":false},"excerpt":{"rendered":"<p>Apresenta\u00e7\u00e3o do grupo de arte sonora&nbsp;Artesanato Furioso, no&nbsp;ICA&nbsp;(Instituto de Ci\u00eancias da Arte), dias 22 e 23 de setembro. O duo contou com as participa\u00e7\u00f5es muito especiais dos m\u00fasicos Alan Fonseca,&nbsp;Allan Carvalho,&nbsp;Arthur Alves, Cl\u00e1udio Costa e&nbsp;Renato Torres. Tivemos o apoio do Instituto de Ci\u00eancias da Arte (ICA) e do&nbsp;Teatro Experimental Waldemar Henrique. Ou\u00e7a as grava\u00e7\u00f5es dos [&hellip;]<\/p>\n","protected":false},"author":1,"featured_media":0,"comment_status":"open","ping_status":"open","sticky":false,"template":"","format":"standard","meta":{"footnotes":""},"categories":[2],"tags":[85,31,33],"class_list":["post-248","post","type-post","status-publish","format-standard","hentry","category-musicas-audios","tag-allan-carvalho","tag-ao-vivo","tag-artesanato-furioso"],"_links":{"self":[{"href":"https:\/\/fabiocavalcante.com\/blog\/wp-json\/wp\/v2\/posts\/248","targetHints":{"allow":["GET"]}}],"collection":[{"href":"https:\/\/fabiocavalcante.com\/blog\/wp-json\/wp\/v2\/posts"}],"about":[{"href":"https:\/\/fabiocavalcante.com\/blog\/wp-json\/wp\/v2\/types\/post"}],"author":[{"embeddable":true,"href":"https:\/\/fabiocavalcante.com\/blog\/wp-json\/wp\/v2\/users\/1"}],"replies":[{"embeddable":true,"href":"https:\/\/fabiocavalcante.com\/blog\/wp-json\/wp\/v2\/comments?post=248"}],"version-history":[{"count":14,"href":"https:\/\/fabiocavalcante.com\/blog\/wp-json\/wp\/v2\/posts\/248\/revisions"}],"predecessor-version":[{"id":4827,"href":"https:\/\/fabiocavalcante.com\/blog\/wp-json\/wp\/v2\/posts\/248\/revisions\/4827"}],"wp:attachment":[{"href":"https:\/\/fabiocavalcante.com\/blog\/wp-json\/wp\/v2\/media?parent=248"}],"wp:term":[{"taxonomy":"category","embeddable":true,"href":"https:\/\/fabiocavalcante.com\/blog\/wp-json\/wp\/v2\/categories?post=248"},{"taxonomy":"post_tag","embeddable":true,"href":"https:\/\/fabiocavalcante.com\/blog\/wp-json\/wp\/v2\/tags?post=248"}],"curies":[{"name":"wp","href":"https:\/\/api.w.org\/{rel}","templated":true}]}}