{"id":249,"date":"2007-08-27T05:58:00","date_gmt":"2007-08-27T05:58:00","guid":{"rendered":"http:\/\/fabiocavalcante.com\/blog\/?p=249"},"modified":"2025-05-29T03:31:08","modified_gmt":"2025-05-29T03:31:08","slug":"tanguru-para-1997-cores-e-bandeirinhas","status":"publish","type":"post","link":"https:\/\/fabiocavalcante.com\/blog\/tanguru-para-1997-cores-e-bandeirinhas\/","title":{"rendered":"Tanguru-Par\u00e1 (1997) &#8211; Cores e Bandeirinhas"},"content":{"rendered":"\n<figure class=\"wp-block-image aligncenter size-large\"><img loading=\"lazy\" decoding=\"async\" width=\"300\" height=\"213\" src=\"https:\/\/fabiocavalcante.com\/blog\/wp-content\/uploads\/2007\/08\/maristas.jpg\" alt=\"Grupo Tanguru-Par\u00e1 tocando no maristas, em Bel\u00e9m\" class=\"wp-image-505\"\/><figcaption class=\"wp-element-caption\">F\u00e1bio Cavalcante, Allan Carvalho e M\u00e1rcio Mac\u00eado<\/figcaption><\/figure>\n\n\n\n<p>O Grupo Tanguru-Par\u00e1 surgiu em 86, no bairro do Canudos (na Cipriano Santos, pr\u00f3ximo \u00e0 Segunda de Queluz), com o nome de \u201cNosso Carimb\u00f3\u201d, pela iniciativa de \u201cSeu Ailton\u201d. Formado por dan\u00e7arinos, com o tempo Seu Ailton sentiu a necessidade de montar um corpo musical para acompanh\u00e1-los. Na primeira forma\u00e7\u00e3o estavam, entre outros, os m\u00fasicos Em\u00edlio e Edson Abreu (Edinho). No ano de 96, fomos convidados pra entrar no grupo eu (flauta),&nbsp;<a rel=\"noreferrer noopener\" href=\"https:\/\/open.spotify.com\/artist\/7cKWRupZws7hUlVMpZ9T7t\" target=\"_blank\">Allan Carvalho<\/a>&nbsp;(banjo, viol\u00e3o e voz),&nbsp;<a rel=\"noreferrer noopener\" href=\"http:\/\/marcio-macedo.blogspot.com\/\" target=\"_blank\">M\u00e1rcio Macedo<\/a>&nbsp;(viol\u00e3o e voz) e Edgar Junior (percuss\u00e3o). V\u00e1rios percussionistas passavam pelo Tanguru, entre eles Nazareno, Baby e Ginga. Nesse per\u00edodo o grupo era coordenado pela Ana L\u00facia, filha do Seu Ailton, e o core\u00f3grafo era o La\u00e9rcio.<\/p>\n\n\n\n<p>Com essa forma\u00e7\u00e3o (que durou um pouco mais de um ano) foram feitas dezenas de apresenta\u00e7\u00f5es. As grava\u00e7\u00f5es aqui apresentadas s\u00e3o do show \u201cCores e Bandeirinhas\u201d \u2013 t\u00edtulo de uma m\u00fasica do Allan -, no projeto Uma Quarta de M\u00fasica, do&nbsp;<a href=\"https:\/\/pt.wikipedia.org\/wiki\/Centro_Cultural_e_Tur%C3%ADstico_Tancredo_Neves\" target=\"_blank\" rel=\"noreferrer noopener\">Centur<\/a>, em junho de 1997.<\/p>\n\n\n\n<p>Para baixar o show completo, clique&nbsp;<a href=\"https:\/\/archive.org\/compress\/BlogFGC20_TanguruPara97\/formats=192KBPS%20MP3,JPEG\" target=\"_blank\" rel=\"noreferrer noopener\">aqui (arquivo zip)<\/a>.<\/p>\n\n\n\n<p><iframe loading=\"lazy\" src=\"https:\/\/archive.org\/embed\/BlogFGC20_TanguruPara97&amp;playlist=1\" width=\"500\" height=\"190\" frameborder=\"0\" allowfullscreen=\"allowfullscreen\"><\/iframe><\/p>\n","protected":false},"excerpt":{"rendered":"<p>O Grupo Tanguru-Par\u00e1 surgiu em 86, no bairro do Canudos (na Cipriano Santos, pr\u00f3ximo \u00e0 Segunda de Queluz), com o nome de \u201cNosso Carimb\u00f3\u201d, pela iniciativa de \u201cSeu Ailton\u201d. Formado por dan\u00e7arinos, com o tempo Seu Ailton sentiu a necessidade de montar um corpo musical para acompanh\u00e1-los. Na primeira forma\u00e7\u00e3o estavam, entre outros, os m\u00fasicos [&hellip;]<\/p>\n","protected":false},"author":1,"featured_media":0,"comment_status":"open","ping_status":"open","sticky":false,"template":"","format":"standard","meta":{"footnotes":""},"categories":[2],"tags":[85,31,52],"class_list":["post-249","post","type-post","status-publish","format-standard","hentry","category-musicas-audios","tag-allan-carvalho","tag-ao-vivo","tag-carimbo"],"_links":{"self":[{"href":"https:\/\/fabiocavalcante.com\/blog\/wp-json\/wp\/v2\/posts\/249","targetHints":{"allow":["GET"]}}],"collection":[{"href":"https:\/\/fabiocavalcante.com\/blog\/wp-json\/wp\/v2\/posts"}],"about":[{"href":"https:\/\/fabiocavalcante.com\/blog\/wp-json\/wp\/v2\/types\/post"}],"author":[{"embeddable":true,"href":"https:\/\/fabiocavalcante.com\/blog\/wp-json\/wp\/v2\/users\/1"}],"replies":[{"embeddable":true,"href":"https:\/\/fabiocavalcante.com\/blog\/wp-json\/wp\/v2\/comments?post=249"}],"version-history":[{"count":11,"href":"https:\/\/fabiocavalcante.com\/blog\/wp-json\/wp\/v2\/posts\/249\/revisions"}],"predecessor-version":[{"id":4364,"href":"https:\/\/fabiocavalcante.com\/blog\/wp-json\/wp\/v2\/posts\/249\/revisions\/4364"}],"wp:attachment":[{"href":"https:\/\/fabiocavalcante.com\/blog\/wp-json\/wp\/v2\/media?parent=249"}],"wp:term":[{"taxonomy":"category","embeddable":true,"href":"https:\/\/fabiocavalcante.com\/blog\/wp-json\/wp\/v2\/categories?post=249"},{"taxonomy":"post_tag","embeddable":true,"href":"https:\/\/fabiocavalcante.com\/blog\/wp-json\/wp\/v2\/tags?post=249"}],"curies":[{"name":"wp","href":"https:\/\/api.w.org\/{rel}","templated":true}]}}