{"id":250,"date":"2007-08-25T05:54:00","date_gmt":"2007-08-25T05:54:00","guid":{"rendered":"http:\/\/fabiocavalcante.com\/blog\/?p=250"},"modified":"2025-05-30T23:15:41","modified_gmt":"2025-05-30T23:15:41","slug":"trio-guapo-no-waldemar-henrique-1998","status":"publish","type":"post","link":"https:\/\/fabiocavalcante.com\/blog\/trio-guapo-no-waldemar-henrique-1998\/","title":{"rendered":"Trio Guapo no Waldemar Henrique (1998)"},"content":{"rendered":"\n<figure class=\"wp-block-image aligncenter size-large is-resized\"><img loading=\"lazy\" decoding=\"async\" width=\"684\" height=\"1024\" src=\"https:\/\/fabiocavalcante.com\/blog\/wp-content\/uploads\/2007\/08\/guapocartaz-684x1024.jpg\" alt=\"Cartaz de show do trio Guapo, em Bel\u00e9m, Par\u00e1.\" class=\"wp-image-507\" style=\"width:342px;height:512px\" srcset=\"https:\/\/fabiocavalcante.com\/blog\/wp-content\/uploads\/2007\/08\/guapocartaz-684x1024.jpg 684w, https:\/\/fabiocavalcante.com\/blog\/wp-content\/uploads\/2007\/08\/guapocartaz-200x300.jpg 200w, https:\/\/fabiocavalcante.com\/blog\/wp-content\/uploads\/2007\/08\/guapocartaz-768x1150.jpg 768w, https:\/\/fabiocavalcante.com\/blog\/wp-content\/uploads\/2007\/08\/guapocartaz.jpg 800w\" sizes=\"auto, (max-width: 684px) 100vw, 684px\" \/><\/figure>\n\n\n\n<p>Eu,&nbsp;<a href=\"https:\/\/open.spotify.com\/artist\/7cKWRupZws7hUlVMpZ9T7t\" target=\"_blank\" rel=\"noreferrer noopener\">Allan<\/a>&nbsp;e&nbsp;<a href=\"http:\/\/marcio-macedo.blogspot.com\/\" target=\"_blank\" rel=\"noreferrer noopener\">M\u00e1rcio<\/a>&nbsp;j\u00e1 toc\u00e1vamos juntos no grupo&nbsp;<a href=\"https:\/\/fabiocavalcante.com\/blog\/tanguru-para-1997-cores-e-bandeirinhas\/\" target=\"_blank\" rel=\"noreferrer noopener\">Tanguru-Par\u00e1<\/a>&nbsp;e nos carimb\u00f3s do bar Kariri (da fam\u00edlia do M\u00e1rcio). Depois montamos o Trio Guapo em 98. Foi um grupo de uma \u00fanica apresenta\u00e7\u00e3o, realizada em 12 de junho de 1998, no&nbsp;<a href=\"https:\/\/pt.wikipedia.org\/wiki\/Teatro_Experimental_Waldemar_Henrique\" target=\"_blank\" rel=\"noreferrer noopener\">Teatro Waldemar Henrique<\/a>. Contamos com as participa\u00e7\u00f5es do cantor&nbsp;<a href=\"https:\/\/www.instagram.com\/luisgirardoficial_\/\" target=\"_blank\" rel=\"noreferrer noopener\">Lu\u00eds Girard<\/a>&nbsp;(com o nome grafado errado no cartaz) e do violonista&nbsp;<a href=\"https:\/\/pt.wikipedia.org\/wiki\/Ziza_Padilha\" target=\"_blank\" rel=\"noreferrer noopener\">Ziza Padilha<\/a>&nbsp;(que n\u00e3o aparece no cartaz). O Rui Baldez (que aparece l\u00e1!) n\u00e3o apareceu no teatro! Os arranjos s\u00e3o meus.<\/p>\n\n\n\n<p>Ou\u00e7a as m\u00fasicas logo abaixo. Para baix\u00e1-las, clique&nbsp;<a href=\"https:\/\/archive.org\/compress\/BlogFGC19_TrioGuapo98\/formats=192KBPS%20MP3,JPEG\" target=\"_blank\" rel=\"noreferrer noopener\">aqui (arquivo zip)<\/a>.<\/p>\n\n\n\n<p><iframe loading=\"lazy\" src=\"https:\/\/archive.org\/embed\/BlogFGC19_TrioGuapo98&amp;playlist=1\" width=\"500\" height=\"230\" frameborder=\"0\" allowfullscreen=\"allowfullscreen\"><\/iframe><\/p>\n\n\n\n<p>A ficha t\u00e9cnica \u00e9 a seguinte:<\/p>\n\n\n\n<ol class=\"wp-block-list\">\n<li><strong>Porto dos apaixonados<\/strong> (<em>Ronaldo Silva<\/em>)<br><em>Allan: Viol\u00e3o e voz<br>M\u00e1rcio: Viol\u00e3o e voz<br>F\u00e1bio: Flauta<\/em><\/li>\n\n\n\n<li><strong>Ponta do l\u00e1pis<\/strong> (<em>Rodger Rog\u00e9rio &#8211; Clod\u00f4<\/em>)<br><em>Allan: Viol\u00e3o e voz<br>M\u00e1rcio: Viol\u00e3o e voz<br>F\u00e1bio: Flauta<\/em><\/li>\n\n\n\n<li><strong>Encanto<\/strong> (<em>M\u00e1rcio Macedo<\/em>)<br><em>M\u00e1rcio: Viol\u00e3o e voz<br>F\u00e1bio: Flauta<\/em><\/li>\n\n\n\n<li><strong>T\u00e1 doida<\/strong> (<em>Almirzinho Gabriel<\/em>)<br><em>Allan: Viol\u00e3o e voz<br>M\u00e1rcio: Viol\u00e3o e voz<\/em><\/li>\n\n\n\n<li><strong>Tr\u00eas de mim<\/strong> (<em>F\u00e1bio Cavalcante<\/em>)<br><em>F\u00e1bio: Viol\u00e3o e voz<br>Allan PC: Viol\u00e3o<\/em><\/li>\n\n\n\n<li><strong>Mam\u00e3e \u00e9 rica porque pode \/ Feira<\/strong> (<em>F\u00e1bio Cavalcante<\/em>)<br><em>F\u00e1bio: Viol\u00e3o e voz<br>Ziza padilha: Viol\u00e3o solo<\/em><\/li>\n\n\n\n<li><strong>Lua de Luana<\/strong> (<em>Allan Pinheiro de Carvalho<\/em>)<br><em>Allan: Voz e viol\u00e3o<br>M\u00e1rcio: Voz e viol\u00e3o<\/em><\/li>\n\n\n\n<li><strong>Estampas Eucalol<\/strong>(<em>H\u00e9lio Contreiras<\/em>)<br><em>Allan: Voz e viol\u00e3o<br>F\u00e1bio: Flauta<\/em><\/li>\n\n\n\n<li><strong>Genoveva<\/strong> (<em>Allan Pinheiro de Carvalho<\/em>)<br><em>Lu\u00eds Girard: Voz<br>Allan: Viol\u00e3o<br>F\u00e1bio: Flauta<\/em><\/li>\n\n\n\n<li><strong>Ilharga<\/strong> (<em>Allan Pinheiro de Carvalho<\/em>)<br><em>Allan: Viol\u00e3o e voz<br>M\u00e1rcio: Viol\u00e3o e voz<br>F\u00e1bio: Flauta<\/em><\/li>\n\n\n\n<li><strong>Mastro Basti\u00e3o<\/strong> (<em>Ronaldo Silva<\/em>)<br><em>Allan: Viol\u00e3o e voz<br>M\u00e1rcio: Viol\u00e3o e voz<br>F\u00e1bio: Flauta<\/em><\/li>\n\n\n\n<li><strong>Cantareira<\/strong> (<em>Ronaldo Silva<\/em>)<br><em>Allan: Viol\u00e3o e voz<br>M\u00e1rcio: Viol\u00e3o e voz<br>F\u00e1bio: Flauta<\/em><\/li>\n<\/ol>\n\n\n\n<p>A m\u00fasica \u201cTr\u00eas de mim\u201d gravei em 2001 no meu primeiro disco,&nbsp;<a href=\"https:\/\/fabiocavalcante.com\/discos\/fgc-vol-1\/\" target=\"_blank\" rel=\"noreferrer noopener\">FGC Vol1<\/a>. Ou\u00e7a&nbsp;<a href=\"https:\/\/open.spotify.com\/track\/0GDEOMUpBuSnGqTTPtT5sJ\" target=\"_blank\" rel=\"noreferrer noopener\">aqui<\/a>&nbsp;essa grava\u00e7\u00e3o. O arranjo de \u201cMastro Basti\u00e3o\u201d foi usado na m\u00fasica&nbsp;<a href=\"https:\/\/open.spotify.com\/track\/5SLQkeMQTODkyHD1oY1cgQ\" target=\"_blank\" rel=\"noreferrer noopener\">A paca e a pregui\u00e7a<\/a>, do mesmo disco. Mastro Basti\u00e3o tamb\u00e9m foi gravada ao vivo pelo Tanguru-par\u00e1 (vou coloc\u00e1-la no pr\u00f3ximo post). O pr\u00f3prio Ronaldo Silva gravou ela no \u201cFolias do Maraj\u00f3\u201d, do&nbsp;<a href=\"https:\/\/pt.wikipedia.org\/wiki\/Arraial_do_Pavulagem\" target=\"_blank\" rel=\"noreferrer noopener\">Arraial do Pavulagem<\/a>. \u201c<a href=\"https:\/\/open.spotify.com\/track\/4ZlntLQO0kdUIZ2zZ2cTQV\" target=\"_blank\" rel=\"noreferrer noopener\">Mam\u00e3e \u00e9 rica porque pode<\/a>\u201d \u00e9&nbsp;o nome de uma outra m\u00fasica minha, tamb\u00e9m do Vol.1, mas que n\u00e3o \u00e9 a mesma desta apresenta\u00e7\u00e3o. (Que confus\u00e3o, hein?!! rs) E a m\u00fasica Genoveva, do Allan, ganhou no ano anterior o pr\u00eamio de melhor arranjo no 1\u00b0 Festival da Can\u00e7\u00e3o Universit\u00e1ria do Par\u00e1.<\/p>\n\n\n\n<p>Essa \u00e9 a \u00fanica foto que tenho deste show.<\/p>\n\n\n\n<figure class=\"wp-block-image aligncenter size-large\"><img loading=\"lazy\" decoding=\"async\" width=\"608\" height=\"438\" src=\"https:\/\/fabiocavalcante.com\/blog\/wp-content\/uploads\/2007\/08\/trio_guapo.jpg\" alt=\"Apresenta\u00e7\u00e3o ao vivo de F\u00e1bio Cavalcante na flauta, Allan Carvalho e M\u00e1rcio Mac\u00eado, na voz e viol\u00e3o.\" class=\"wp-image-475\" srcset=\"https:\/\/fabiocavalcante.com\/blog\/wp-content\/uploads\/2007\/08\/trio_guapo.jpg 608w, https:\/\/fabiocavalcante.com\/blog\/wp-content\/uploads\/2007\/08\/trio_guapo-300x216.jpg 300w\" sizes=\"auto, (max-width: 608px) 100vw, 608px\" \/><figcaption class=\"wp-element-caption\">F\u00e1bio Cavalcante, Allan Carvalho e M\u00e1rcio Mac\u00eado<\/figcaption><\/figure>\n","protected":false},"excerpt":{"rendered":"<p>Eu,&nbsp;Allan&nbsp;e&nbsp;M\u00e1rcio&nbsp;j\u00e1 toc\u00e1vamos juntos no grupo&nbsp;Tanguru-Par\u00e1&nbsp;e nos carimb\u00f3s do bar Kariri (da fam\u00edlia do M\u00e1rcio). Depois montamos o Trio Guapo em 98. Foi um grupo de uma \u00fanica apresenta\u00e7\u00e3o, realizada em 12 de junho de 1998, no&nbsp;Teatro Waldemar Henrique. Contamos com as participa\u00e7\u00f5es do cantor&nbsp;Lu\u00eds Girard&nbsp;(com o nome grafado errado no cartaz) e do violonista&nbsp;Ziza Padilha&nbsp;(que [&hellip;]<\/p>\n","protected":false},"author":1,"featured_media":0,"comment_status":"open","ping_status":"open","sticky":false,"template":"","format":"standard","meta":{"footnotes":""},"categories":[2],"tags":[85,31,36],"class_list":["post-250","post","type-post","status-publish","format-standard","hentry","category-musicas-audios","tag-allan-carvalho","tag-ao-vivo","tag-teatro-waldemar-henrique"],"_links":{"self":[{"href":"https:\/\/fabiocavalcante.com\/blog\/wp-json\/wp\/v2\/posts\/250","targetHints":{"allow":["GET"]}}],"collection":[{"href":"https:\/\/fabiocavalcante.com\/blog\/wp-json\/wp\/v2\/posts"}],"about":[{"href":"https:\/\/fabiocavalcante.com\/blog\/wp-json\/wp\/v2\/types\/post"}],"author":[{"embeddable":true,"href":"https:\/\/fabiocavalcante.com\/blog\/wp-json\/wp\/v2\/users\/1"}],"replies":[{"embeddable":true,"href":"https:\/\/fabiocavalcante.com\/blog\/wp-json\/wp\/v2\/comments?post=250"}],"version-history":[{"count":11,"href":"https:\/\/fabiocavalcante.com\/blog\/wp-json\/wp\/v2\/posts\/250\/revisions"}],"predecessor-version":[{"id":4551,"href":"https:\/\/fabiocavalcante.com\/blog\/wp-json\/wp\/v2\/posts\/250\/revisions\/4551"}],"wp:attachment":[{"href":"https:\/\/fabiocavalcante.com\/blog\/wp-json\/wp\/v2\/media?parent=250"}],"wp:term":[{"taxonomy":"category","embeddable":true,"href":"https:\/\/fabiocavalcante.com\/blog\/wp-json\/wp\/v2\/categories?post=250"},{"taxonomy":"post_tag","embeddable":true,"href":"https:\/\/fabiocavalcante.com\/blog\/wp-json\/wp\/v2\/tags?post=250"}],"curies":[{"name":"wp","href":"https:\/\/api.w.org\/{rel}","templated":true}]}}