{"id":251,"date":"2007-08-13T05:44:00","date_gmt":"2007-08-13T05:44:00","guid":{"rendered":"http:\/\/fabiocavalcante.com\/blog\/?p=251"},"modified":"2025-05-30T23:18:34","modified_gmt":"2025-05-30T23:18:34","slug":"quaderna-no-dia-dos-pais","status":"publish","type":"post","link":"https:\/\/fabiocavalcante.com\/blog\/quaderna-no-dia-dos-pais\/","title":{"rendered":"Quaderna no Dia dos Pais"},"content":{"rendered":"\n<figure class=\"wp-block-image aligncenter size-large\"><img loading=\"lazy\" decoding=\"async\" width=\"250\" height=\"272\" src=\"https:\/\/fabiocavalcante.com\/blog\/wp-content\/uploads\/2007\/08\/quadernafoto.jpg\" alt=\"Allan Carvalho e Cincinato no palco\" class=\"wp-image-509\"\/><figcaption class=\"wp-element-caption\">Allan Carvalho e Cincinato &#8211; Quaderna<\/figcaption><\/figure>\n\n\n\n<p>O grupo\u00a0<a href=\"http:\/\/grupoquaderna.blogspot.com\/\" target=\"_blank\" rel=\"noreferrer noopener\">Quaderna<\/a>, formado por\u00a0<a href=\"https:\/\/open.spotify.com\/artist\/7cKWRupZws7hUlVMpZ9T7t\" target=\"_blank\" rel=\"noreferrer noopener\">Allan Carvalho<\/a>\u00a0(viol\u00e3o e voz) e Cincinato Jr (voz), fizeram uma apresenta\u00e7\u00e3o nessa sexta \u2013 10 de agosto, no estacionamento da\u00a0<a href=\"http:\/\/www.portalcultura.com.br\/\" target=\"_blank\" rel=\"noreferrer noopener\">TV Cultura do Par\u00e1<\/a>, comemorando com os funcion\u00e1rios da Funtelpa a passagem do Dia dos Pais. Eles foram acompanhados pelos m\u00fasicos Edgar J\u00fanior (<em>percuss\u00e3o<\/em>), F\u00e1bio Cavalcante(<em>flauta<\/em>), Nazareno Silva (<em>percuss\u00e3o<\/em>), Rafael Barros (<em>percuss\u00e3o<\/em>), e Rubens Stanislaw (<em>contrabaixo<\/em>).<\/p>\n\n\n\n<p>Algumas dessas m\u00fasicas s\u00e3o parte do disco \u201cQuaderna\u201d, lan\u00e7ado em 2006, quando o grupo ainda tinha Camilo Delduque na sua forma\u00e7\u00e3o, e \u00e9 resultado de um&nbsp;projeto apresentado ao&nbsp;<a href=\"http:\/\/blogdoiap.blogspot.com\/\" target=\"_blank\" rel=\"noreferrer noopener\">IAP<\/a>.<\/p>\n\n\n\n<p>Confiram a\u00ed as grava\u00e7\u00f5es que fiz dessa tocada:<\/p>\n\n\n\n<p><iframe loading=\"lazy\" src=\"https:\/\/archive.org\/embed\/blogfgc17quaderna&amp;playlist=1\" width=\"500\" height=\"170\" frameborder=\"0\" allowfullscreen=\"allowfullscreen\"><\/iframe><\/p>\n\n\n\n<p>Para baixar o show completo, clique&nbsp;<a href=\"https:\/\/archive.org\/compress\/blogfgc17quaderna\/formats=192KBPS%20MP3,JPEG\" target=\"_blank\" rel=\"noreferrer noopener\">aqui (arquivo zip)<\/a>.<\/p>\n","protected":false},"excerpt":{"rendered":"<p>O grupo\u00a0Quaderna, formado por\u00a0Allan Carvalho\u00a0(viol\u00e3o e voz) e Cincinato Jr (voz), fizeram uma apresenta\u00e7\u00e3o nessa sexta \u2013 10 de agosto, no estacionamento da\u00a0TV Cultura do Par\u00e1, comemorando com os funcion\u00e1rios da Funtelpa a passagem do Dia dos Pais. Eles foram acompanhados pelos m\u00fasicos Edgar J\u00fanior (percuss\u00e3o), F\u00e1bio Cavalcante(flauta), Nazareno Silva (percuss\u00e3o), Rafael Barros (percuss\u00e3o), e [&hellip;]<\/p>\n","protected":false},"author":1,"featured_media":0,"comment_status":"open","ping_status":"open","sticky":false,"template":"","format":"standard","meta":{"footnotes":""},"categories":[2],"tags":[85,31],"class_list":["post-251","post","type-post","status-publish","format-standard","hentry","category-musicas-audios","tag-allan-carvalho","tag-ao-vivo"],"_links":{"self":[{"href":"https:\/\/fabiocavalcante.com\/blog\/wp-json\/wp\/v2\/posts\/251","targetHints":{"allow":["GET"]}}],"collection":[{"href":"https:\/\/fabiocavalcante.com\/blog\/wp-json\/wp\/v2\/posts"}],"about":[{"href":"https:\/\/fabiocavalcante.com\/blog\/wp-json\/wp\/v2\/types\/post"}],"author":[{"embeddable":true,"href":"https:\/\/fabiocavalcante.com\/blog\/wp-json\/wp\/v2\/users\/1"}],"replies":[{"embeddable":true,"href":"https:\/\/fabiocavalcante.com\/blog\/wp-json\/wp\/v2\/comments?post=251"}],"version-history":[{"count":13,"href":"https:\/\/fabiocavalcante.com\/blog\/wp-json\/wp\/v2\/posts\/251\/revisions"}],"predecessor-version":[{"id":4554,"href":"https:\/\/fabiocavalcante.com\/blog\/wp-json\/wp\/v2\/posts\/251\/revisions\/4554"}],"wp:attachment":[{"href":"https:\/\/fabiocavalcante.com\/blog\/wp-json\/wp\/v2\/media?parent=251"}],"wp:term":[{"taxonomy":"category","embeddable":true,"href":"https:\/\/fabiocavalcante.com\/blog\/wp-json\/wp\/v2\/categories?post=251"},{"taxonomy":"post_tag","embeddable":true,"href":"https:\/\/fabiocavalcante.com\/blog\/wp-json\/wp\/v2\/tags?post=251"}],"curies":[{"name":"wp","href":"https:\/\/api.w.org\/{rel}","templated":true}]}}