{"id":252,"date":"2007-07-11T05:41:00","date_gmt":"2007-07-11T05:41:00","guid":{"rendered":"http:\/\/fabiocavalcante.com\/blog\/?p=252"},"modified":"2025-05-30T19:34:03","modified_gmt":"2025-05-30T19:34:03","slug":"apresentacoes-da-1a-conferencia-de-cultura","status":"publish","type":"post","link":"https:\/\/fabiocavalcante.com\/blog\/apresentacoes-da-1a-conferencia-de-cultura\/","title":{"rendered":"Apresenta\u00e7\u00f5es da 1\u00aa Confer\u00eancia de Cultura"},"content":{"rendered":"\n<p>Aqui est\u00e3o imagens e sons de alguns grupos musicais do interior paraense que vieram \u00e0 Bel\u00e9m tocar na&nbsp;<a rel=\"noreferrer noopener\" href=\"http:\/\/wikimapia.org\/1402443\/pt\/Casa-das-Onze-Janelas\" target=\"_blank\">Casa das 11 Janelas<\/a>, durante a 1\u00aa Confer\u00eancia Estadual de Cultura, nos dias 6, 7 e 8 de julho. Um palco foi montado no cais, e as apresenta\u00e7\u00f5es come\u00e7avam 21 horas. Pena que foram noites bastante chuvosas, e o p\u00fablico n\u00e3o tinha onde se proteger. Veja fotos dos&nbsp;<a rel=\"noreferrer noopener\" href=\"http:\/\/pib.socioambiental.org\/caracterizacao.php?id_arp=3900\" target=\"_blank\">\u00edndios Wai-wai<\/a>, da Fam\u00edlia Castro, da Marujada de Quatipuru e do Boi Estrela D\u2019alva.<\/p>\n\n\n\n<figure class=\"wp-block-gallery has-nested-images columns-2 is-cropped wp-block-gallery-1 is-layout-flex wp-block-gallery-is-layout-flex\">\n<figure class=\"wp-block-image size-large\"><a href=\"https:\/\/fabiocavalcante.com\/blog\/wp-content\/uploads\/2007\/07\/Conferencia2007_01waiwai.jpg\"><img loading=\"lazy\" decoding=\"async\" width=\"800\" height=\"600\" data-id=\"4462\" src=\"https:\/\/fabiocavalcante.com\/blog\/wp-content\/uploads\/2007\/07\/Conferencia2007_01waiwai.jpg\" alt=\"\" class=\"wp-image-4462\" srcset=\"https:\/\/fabiocavalcante.com\/blog\/wp-content\/uploads\/2007\/07\/Conferencia2007_01waiwai.jpg 800w, https:\/\/fabiocavalcante.com\/blog\/wp-content\/uploads\/2007\/07\/Conferencia2007_01waiwai-300x225.jpg 300w, https:\/\/fabiocavalcante.com\/blog\/wp-content\/uploads\/2007\/07\/Conferencia2007_01waiwai-768x576.jpg 768w\" sizes=\"auto, (max-width: 800px) 100vw, 800px\" \/><\/a><figcaption class=\"wp-element-caption\">\u00cdndios Wai-wai<\/figcaption><\/figure>\n\n\n\n<figure class=\"wp-block-image size-large\"><a href=\"https:\/\/fabiocavalcante.com\/blog\/wp-content\/uploads\/2007\/07\/Conferencia2007_02familiacastro.jpg\"><img loading=\"lazy\" decoding=\"async\" width=\"667\" height=\"500\" data-id=\"4463\" src=\"https:\/\/fabiocavalcante.com\/blog\/wp-content\/uploads\/2007\/07\/Conferencia2007_02familiacastro.jpg\" alt=\"\" class=\"wp-image-4463\" srcset=\"https:\/\/fabiocavalcante.com\/blog\/wp-content\/uploads\/2007\/07\/Conferencia2007_02familiacastro.jpg 667w, https:\/\/fabiocavalcante.com\/blog\/wp-content\/uploads\/2007\/07\/Conferencia2007_02familiacastro-300x225.jpg 300w\" sizes=\"auto, (max-width: 667px) 100vw, 667px\" \/><\/a><figcaption class=\"wp-element-caption\">Fam\u00edlia Castro<\/figcaption><\/figure>\n\n\n\n<figure class=\"wp-block-image size-large\"><a href=\"https:\/\/fabiocavalcante.com\/blog\/wp-content\/uploads\/2007\/07\/Conferencia2007_03quatipuru.jpg\"><img loading=\"lazy\" decoding=\"async\" width=\"800\" height=\"600\" data-id=\"4464\" src=\"https:\/\/fabiocavalcante.com\/blog\/wp-content\/uploads\/2007\/07\/Conferencia2007_03quatipuru.jpg\" alt=\"\" class=\"wp-image-4464\" srcset=\"https:\/\/fabiocavalcante.com\/blog\/wp-content\/uploads\/2007\/07\/Conferencia2007_03quatipuru.jpg 800w, https:\/\/fabiocavalcante.com\/blog\/wp-content\/uploads\/2007\/07\/Conferencia2007_03quatipuru-300x225.jpg 300w, https:\/\/fabiocavalcante.com\/blog\/wp-content\/uploads\/2007\/07\/Conferencia2007_03quatipuru-768x576.jpg 768w\" sizes=\"auto, (max-width: 800px) 100vw, 800px\" \/><\/a><figcaption class=\"wp-element-caption\">Marujada de Quatipuru<\/figcaption><\/figure>\n\n\n\n<figure class=\"wp-block-image size-large\"><a href=\"https:\/\/fabiocavalcante.com\/blog\/wp-content\/uploads\/2007\/07\/Conferencia2007_04estreladalva.jpg\"><img loading=\"lazy\" decoding=\"async\" width=\"800\" height=\"600\" data-id=\"4465\" src=\"https:\/\/fabiocavalcante.com\/blog\/wp-content\/uploads\/2007\/07\/Conferencia2007_04estreladalva.jpg\" alt=\"\" class=\"wp-image-4465\" srcset=\"https:\/\/fabiocavalcante.com\/blog\/wp-content\/uploads\/2007\/07\/Conferencia2007_04estreladalva.jpg 800w, https:\/\/fabiocavalcante.com\/blog\/wp-content\/uploads\/2007\/07\/Conferencia2007_04estreladalva-300x225.jpg 300w, https:\/\/fabiocavalcante.com\/blog\/wp-content\/uploads\/2007\/07\/Conferencia2007_04estreladalva-768x576.jpg 768w\" sizes=\"auto, (max-width: 800px) 100vw, 800px\" \/><\/a><figcaption class=\"wp-element-caption\">Boi Estrela Dalva<\/figcaption><\/figure>\n<\/figure>\n\n\n\n<p>Ou\u00e7a aqui o som dos grupos:<\/p>\n\n\n\n<p><iframe loading=\"lazy\" src=\"https:\/\/archive.org\/embed\/BlogFgcAudio&amp;playlist=1\" width=\"500\" height=\"170\" frameborder=\"0\" allowfullscreen=\"allowfullscreen\"><\/iframe><\/p>\n\n\n\n<p>Sobre as faixas acima:<\/p>\n\n\n\n<ol class=\"wp-block-list\">\n<li><strong>Licen\u00e7a <\/strong>(<em>Boi Estrela Dalva, de S\u00e3o Sebasti\u00e3o da Boa Vista<\/em>)<\/li>\n\n\n\n<li><strong>Dona Bela<\/strong>(<em>Fam\u00edlia Castro<\/em>, de Almerim)<\/li>\n\n\n\n<li><strong>Manjerona miudinha<\/strong> (<em>Fam\u00edlia Castro<\/em>)<\/li>\n\n\n\n<li><strong>O meu anel caiu na pra\u00e7a<\/strong> (<em>Fam\u00edlia Castro<\/em>)<\/li>\n\n\n\n<li><strong>X\u00f4 peru!<\/strong> (<em>Marujada de Quatipuru<\/em>)<\/li>\n\n\n\n<li><strong>Cajueiro <\/strong>(<em>Os Quentes da Madrugada<\/em>, de Santar\u00e9m Novo)<\/li>\n\n\n\n<li><strong>Ca\u00e7adores<\/strong> (<em>\u00cdndios Wai-wai<\/em>, de Oriximin\u00e1)<\/li>\n<\/ol>\n\n\n\n<p>Para baixar todas as faixas em um \u00fanico arquivo zip, clique <a href=\"https:\/\/archive.org\/compress\/BlogFgcAudio\/formats=VBR%20MP3,JPEG\" target=\"_blank\" rel=\"noreferrer noopener\">aqui<\/a>.<\/p>\n","protected":false},"excerpt":{"rendered":"<p>Aqui est\u00e3o imagens e sons de alguns grupos musicais do interior paraense que vieram \u00e0 Bel\u00e9m tocar na&nbsp;Casa das 11 Janelas, durante a 1\u00aa Confer\u00eancia Estadual de Cultura, nos dias 6, 7 e 8 de julho. Um palco foi montado no cais, e as apresenta\u00e7\u00f5es come\u00e7avam 21 horas. Pena que foram noites bastante chuvosas, e [&hellip;]<\/p>\n","protected":false},"author":1,"featured_media":0,"comment_status":"open","ping_status":"open","sticky":false,"template":"","format":"standard","meta":{"footnotes":""},"categories":[3,2],"tags":[31,17],"class_list":["post-252","post","type-post","status-publish","format-standard","hentry","category-folclore","category-musicas-audios","tag-ao-vivo","tag-folclore-paraense"],"_links":{"self":[{"href":"https:\/\/fabiocavalcante.com\/blog\/wp-json\/wp\/v2\/posts\/252","targetHints":{"allow":["GET"]}}],"collection":[{"href":"https:\/\/fabiocavalcante.com\/blog\/wp-json\/wp\/v2\/posts"}],"about":[{"href":"https:\/\/fabiocavalcante.com\/blog\/wp-json\/wp\/v2\/types\/post"}],"author":[{"embeddable":true,"href":"https:\/\/fabiocavalcante.com\/blog\/wp-json\/wp\/v2\/users\/1"}],"replies":[{"embeddable":true,"href":"https:\/\/fabiocavalcante.com\/blog\/wp-json\/wp\/v2\/comments?post=252"}],"version-history":[{"count":14,"href":"https:\/\/fabiocavalcante.com\/blog\/wp-json\/wp\/v2\/posts\/252\/revisions"}],"predecessor-version":[{"id":4467,"href":"https:\/\/fabiocavalcante.com\/blog\/wp-json\/wp\/v2\/posts\/252\/revisions\/4467"}],"wp:attachment":[{"href":"https:\/\/fabiocavalcante.com\/blog\/wp-json\/wp\/v2\/media?parent=252"}],"wp:term":[{"taxonomy":"category","embeddable":true,"href":"https:\/\/fabiocavalcante.com\/blog\/wp-json\/wp\/v2\/categories?post=252"},{"taxonomy":"post_tag","embeddable":true,"href":"https:\/\/fabiocavalcante.com\/blog\/wp-json\/wp\/v2\/tags?post=252"}],"curies":[{"name":"wp","href":"https:\/\/api.w.org\/{rel}","templated":true}]}}