{"id":253,"date":"2007-07-03T05:39:00","date_gmt":"2007-07-03T05:39:00","guid":{"rendered":"http:\/\/fabiocavalcante.com\/blog\/?p=253"},"modified":"2025-05-29T03:25:25","modified_gmt":"2025-05-29T03:25:25","slug":"pavulagem-2007-derrubada-dos-mastros","status":"publish","type":"post","link":"https:\/\/fabiocavalcante.com\/blog\/pavulagem-2007-derrubada-dos-mastros\/","title":{"rendered":"Pavulagem 2007 &#8211; Derrubada dos Mastros"},"content":{"rendered":"\n<figure class=\"wp-block-embed is-type-video is-provider-youtube wp-block-embed-youtube wp-embed-aspect-4-3 wp-has-aspect-ratio\"><div class=\"wp-block-embed__wrapper\">\n<iframe loading=\"lazy\" title=\"Derrubada dos mastros - Arrast\u00e3o do Arraial do Pavulagem (Bel\u00e9m, 2007) #3\" width=\"500\" height=\"375\" src=\"https:\/\/www.youtube.com\/embed\/oCPeLVmC7n4?feature=oembed\" frameborder=\"0\" allow=\"accelerometer; autoplay; clipboard-write; encrypted-media; gyroscope; picture-in-picture; web-share\" referrerpolicy=\"strict-origin-when-cross-origin\" allowfullscreen><\/iframe>\n<\/div><\/figure>\n\n\n\n<p>Derrubada dos mastros de S\u00e3o Jo\u00e3o, no \u00faltimo arrast\u00e3o junino do boi&nbsp;<a href=\"https:\/\/pt.wikipedia.org\/wiki\/Arraial_do_Pavulagem\" target=\"_blank\" rel=\"noreferrer noopener\">Pavulagem<\/a>. Gravado no dia 1\u00b0 de julho de 2007, na&nbsp;<a href=\"http:\/\/pt.wikipedia.org\/wiki\/Pra%C3%A7a_da_Rep%C3%BAblica_%28Bel%C3%A9m%29\" target=\"_blank\" rel=\"noreferrer noopener\">Pra\u00e7a da Rep\u00fablica<\/a>, na chegada do cortejo. Foi muito pai d\u00e9gua! Agora \u00e9 esperar o&nbsp;<a href=\"http:\/\/pt.wikipedia.org\/wiki\/C%C3%ADrio_de_Nossa_Senhora_de_Nazar%C3%A9\" target=\"_blank\" rel=\"noreferrer noopener\">C\u00edrio<\/a>, pra arrastar na&nbsp;<a href=\"http:\/\/pt.wikipedia.org\/wiki\/Cidade_Velha_%28Bel%C3%A9m%29\" target=\"_blank\" rel=\"noreferrer noopener\">Cidade Velha<\/a>!<\/p>\n","protected":false},"excerpt":{"rendered":"<p>Derrubada dos mastros de S\u00e3o Jo\u00e3o, no \u00faltimo arrast\u00e3o junino do boi&nbsp;Pavulagem. Gravado no dia 1\u00b0 de julho de 2007, na&nbsp;Pra\u00e7a da Rep\u00fablica, na chegada do cortejo. Foi muito pai d\u00e9gua! Agora \u00e9 esperar o&nbsp;C\u00edrio, pra arrastar na&nbsp;Cidade Velha!<\/p>\n","protected":false},"author":1,"featured_media":0,"comment_status":"open","ping_status":"open","sticky":false,"template":"","format":"standard","meta":{"footnotes":""},"categories":[3,5],"tags":[34,17],"class_list":["post-253","post","type-post","status-publish","format-standard","hentry","category-folclore","category-videos","tag-boi-pavulagem","tag-folclore-paraense"],"_links":{"self":[{"href":"https:\/\/fabiocavalcante.com\/blog\/wp-json\/wp\/v2\/posts\/253","targetHints":{"allow":["GET"]}}],"collection":[{"href":"https:\/\/fabiocavalcante.com\/blog\/wp-json\/wp\/v2\/posts"}],"about":[{"href":"https:\/\/fabiocavalcante.com\/blog\/wp-json\/wp\/v2\/types\/post"}],"author":[{"embeddable":true,"href":"https:\/\/fabiocavalcante.com\/blog\/wp-json\/wp\/v2\/users\/1"}],"replies":[{"embeddable":true,"href":"https:\/\/fabiocavalcante.com\/blog\/wp-json\/wp\/v2\/comments?post=253"}],"version-history":[{"count":7,"href":"https:\/\/fabiocavalcante.com\/blog\/wp-json\/wp\/v2\/posts\/253\/revisions"}],"predecessor-version":[{"id":4322,"href":"https:\/\/fabiocavalcante.com\/blog\/wp-json\/wp\/v2\/posts\/253\/revisions\/4322"}],"wp:attachment":[{"href":"https:\/\/fabiocavalcante.com\/blog\/wp-json\/wp\/v2\/media?parent=253"}],"wp:term":[{"taxonomy":"category","embeddable":true,"href":"https:\/\/fabiocavalcante.com\/blog\/wp-json\/wp\/v2\/categories?post=253"},{"taxonomy":"post_tag","embeddable":true,"href":"https:\/\/fabiocavalcante.com\/blog\/wp-json\/wp\/v2\/tags?post=253"}],"curies":[{"name":"wp","href":"https:\/\/api.w.org\/{rel}","templated":true}]}}