{"id":254,"date":"2007-06-30T05:10:00","date_gmt":"2007-06-30T05:10:00","guid":{"rendered":"http:\/\/fabiocavalcante.com\/blog\/?p=254"},"modified":"2025-05-30T18:45:12","modified_gmt":"2025-05-30T18:45:12","slug":"pavulagem-2007-por-dentro-do-arrastao","status":"publish","type":"post","link":"https:\/\/fabiocavalcante.com\/blog\/pavulagem-2007-por-dentro-do-arrastao\/","title":{"rendered":"Pavulagem 2007 &#8211; Por Dentro do Arrast\u00e3o"},"content":{"rendered":"\n<figure class=\"wp-block-embed is-type-video is-provider-youtube wp-block-embed-youtube wp-embed-aspect-4-3 wp-has-aspect-ratio\"><div class=\"wp-block-embed__wrapper\">\n<iframe loading=\"lazy\" title=\"Por dentro do Arrast\u00e3o - Arrast\u00e3o do Arraial do Pavulagem (Bel\u00e9m, 2007) #2\" width=\"500\" height=\"375\" src=\"https:\/\/www.youtube.com\/embed\/d2unfzBCJMU?feature=oembed\" frameborder=\"0\" allow=\"accelerometer; autoplay; clipboard-write; encrypted-media; gyroscope; picture-in-picture; web-share\" referrerpolicy=\"strict-origin-when-cross-origin\" allowfullscreen><\/iframe>\n<\/div><\/figure>\n\n\n\n<p>Caminhada por dentro do batalh\u00e3o do&nbsp;<a href=\"https:\/\/pt.wikipedia.org\/wiki\/Arraial_do_Pavulagem\" target=\"_blank\" rel=\"noreferrer noopener\">Pavulagem<\/a>, gravada no arrast\u00e3o do dia 24\/06\/2007. O&nbsp;v\u00eddeo&nbsp;mostra tr\u00eas momentos: a sa\u00edda (no in\u00edcio da Av. Presidente Vargas); o meio da caminhada na mesma avenida; e a chegada na&nbsp;<a href=\"http:\/\/pt.wikipedia.org\/wiki\/Pra%C3%A7a_da_Rep%C3%BAblica_%28Bel%C3%A9m%29\" target=\"_blank\" rel=\"noreferrer noopener\">Pra\u00e7a da Rep\u00fablica<\/a>, em frente aos mastros de S\u00e3o Jo\u00e3o. Reparem no talento do Rafael, o regente da galera do batuque, que esse ano aprendeu a andar de perna de pau, pra ser visto melhor por todos; e no arranjo pra finaliza\u00e7\u00e3o, que finalmente deu certo neste domingo! rs<\/p>\n\n\n\n<p>Participou tamb\u00e9m deste arrast\u00e3o o boi Pai-do-Campo, comandado por Mestre Faustino, de&nbsp;<a rel=\"noreferrer noopener\" href=\"http:\/\/pt.wikipedia.org\/wiki\/Our%C3%A9m_%28Par%C3%A1%29\" target=\"_blank\">Our\u00e9m<\/a>. Rolou uma roda de boi com ele l\u00e1 na escadinha, antes da sa\u00edda do cortejo,<\/p>\n\n\n\n<figure class=\"wp-block-gallery has-nested-images columns-default is-cropped wp-block-gallery-1 is-layout-flex wp-block-gallery-is-layout-flex\">\n<figure class=\"wp-block-image size-large\"><a href=\"https:\/\/fabiocavalcante.com\/blog\/wp-content\/uploads\/2007\/06\/Pavulagem2007Escadinha01bichos.jpg\"><img loading=\"lazy\" decoding=\"async\" width=\"667\" height=\"500\" data-id=\"4415\" src=\"https:\/\/fabiocavalcante.com\/blog\/wp-content\/uploads\/2007\/06\/Pavulagem2007Escadinha01bichos.jpg\" alt=\"\" class=\"wp-image-4415\" srcset=\"https:\/\/fabiocavalcante.com\/blog\/wp-content\/uploads\/2007\/06\/Pavulagem2007Escadinha01bichos.jpg 667w, https:\/\/fabiocavalcante.com\/blog\/wp-content\/uploads\/2007\/06\/Pavulagem2007Escadinha01bichos-300x225.jpg 300w\" sizes=\"auto, (max-width: 667px) 100vw, 667px\" \/><\/a><figcaption class=\"wp-element-caption\">Mascarados.<\/figcaption><\/figure>\n\n\n\n<figure class=\"wp-block-image size-large\"><a href=\"https:\/\/fabiocavalcante.com\/blog\/wp-content\/uploads\/2007\/06\/Pavulagem2007Escadinha02tuite.jpg\"><img loading=\"lazy\" decoding=\"async\" width=\"667\" height=\"500\" data-id=\"4416\" src=\"https:\/\/fabiocavalcante.com\/blog\/wp-content\/uploads\/2007\/06\/Pavulagem2007Escadinha02tuite.jpg\" alt=\"\" class=\"wp-image-4416\" srcset=\"https:\/\/fabiocavalcante.com\/blog\/wp-content\/uploads\/2007\/06\/Pavulagem2007Escadinha02tuite.jpg 667w, https:\/\/fabiocavalcante.com\/blog\/wp-content\/uploads\/2007\/06\/Pavulagem2007Escadinha02tuite-300x225.jpg 300w\" sizes=\"auto, (max-width: 667px) 100vw, 667px\" \/><\/a><figcaption class=\"wp-element-caption\">Tu\u00edte cantando<\/figcaption><\/figure>\n\n\n\n<figure class=\"wp-block-image size-large\"><a href=\"https:\/\/fabiocavalcante.com\/blog\/wp-content\/uploads\/2007\/06\/Pavulagem2007Escadinha03boi_e_chico.jpg\"><img loading=\"lazy\" decoding=\"async\" width=\"667\" height=\"500\" data-id=\"4417\" src=\"https:\/\/fabiocavalcante.com\/blog\/wp-content\/uploads\/2007\/06\/Pavulagem2007Escadinha03boi_e_chico.jpg\" alt=\"\" class=\"wp-image-4417\" srcset=\"https:\/\/fabiocavalcante.com\/blog\/wp-content\/uploads\/2007\/06\/Pavulagem2007Escadinha03boi_e_chico.jpg 667w, https:\/\/fabiocavalcante.com\/blog\/wp-content\/uploads\/2007\/06\/Pavulagem2007Escadinha03boi_e_chico-300x225.jpg 300w\" sizes=\"auto, (max-width: 667px) 100vw, 667px\" \/><\/a><figcaption class=\"wp-element-caption\">Boi na roda<\/figcaption><\/figure>\n\n\n\n<figure class=\"wp-block-image size-large\"><a href=\"https:\/\/fabiocavalcante.com\/blog\/wp-content\/uploads\/2007\/06\/Pavulagem2007Escadinha04catirina.jpg\"><img loading=\"lazy\" decoding=\"async\" width=\"336\" height=\"500\" data-id=\"4418\" src=\"https:\/\/fabiocavalcante.com\/blog\/wp-content\/uploads\/2007\/06\/Pavulagem2007Escadinha04catirina.jpg\" alt=\"\" class=\"wp-image-4418\" srcset=\"https:\/\/fabiocavalcante.com\/blog\/wp-content\/uploads\/2007\/06\/Pavulagem2007Escadinha04catirina.jpg 336w, https:\/\/fabiocavalcante.com\/blog\/wp-content\/uploads\/2007\/06\/Pavulagem2007Escadinha04catirina-202x300.jpg 202w\" sizes=\"auto, (max-width: 336px) 100vw, 336px\" \/><\/a><figcaption class=\"wp-element-caption\">Catirina<\/figcaption><\/figure>\n\n\n\n<figure class=\"wp-block-image size-large\"><a href=\"https:\/\/fabiocavalcante.com\/blog\/wp-content\/uploads\/2007\/06\/Pavulagem2007Escadinha05chapeu_dos_mestres.jpg\"><img loading=\"lazy\" decoding=\"async\" width=\"667\" height=\"500\" data-id=\"4419\" src=\"https:\/\/fabiocavalcante.com\/blog\/wp-content\/uploads\/2007\/06\/Pavulagem2007Escadinha05chapeu_dos_mestres.jpg\" alt=\"\" class=\"wp-image-4419\" srcset=\"https:\/\/fabiocavalcante.com\/blog\/wp-content\/uploads\/2007\/06\/Pavulagem2007Escadinha05chapeu_dos_mestres.jpg 667w, https:\/\/fabiocavalcante.com\/blog\/wp-content\/uploads\/2007\/06\/Pavulagem2007Escadinha05chapeu_dos_mestres-300x225.jpg 300w\" sizes=\"auto, (max-width: 667px) 100vw, 667px\" \/><\/a><figcaption class=\"wp-element-caption\">Chap\u00e9us dos mestres<\/figcaption><\/figure>\n\n\n\n<figure class=\"wp-block-image size-large\"><a href=\"https:\/\/fabiocavalcante.com\/blog\/wp-content\/uploads\/2007\/06\/Pavulagem2007Escadinha06membros.jpg\"><img loading=\"lazy\" decoding=\"async\" width=\"667\" height=\"500\" data-id=\"4420\" src=\"https:\/\/fabiocavalcante.com\/blog\/wp-content\/uploads\/2007\/06\/Pavulagem2007Escadinha06membros.jpg\" alt=\"\" class=\"wp-image-4420\" srcset=\"https:\/\/fabiocavalcante.com\/blog\/wp-content\/uploads\/2007\/06\/Pavulagem2007Escadinha06membros.jpg 667w, https:\/\/fabiocavalcante.com\/blog\/wp-content\/uploads\/2007\/06\/Pavulagem2007Escadinha06membros-300x225.jpg 300w\" sizes=\"auto, (max-width: 667px) 100vw, 667px\" \/><\/a><figcaption class=\"wp-element-caption\">Batalh\u00e3o<\/figcaption><\/figure>\n<\/figure>\n\n\n\n<p>E depois do arrast\u00e3o, Faustino e Tu\u00edte deram uma \u201ccanja\u201d no palco montado para o show do Pavulagem. A pra\u00e7a estava novamente lotada!<\/p>\n\n\n\n<figure class=\"wp-block-gallery has-nested-images columns-default is-cropped wp-block-gallery-2 is-layout-flex wp-block-gallery-is-layout-flex\">\n<figure class=\"wp-block-image size-large\"><a href=\"https:\/\/fabiocavalcante.com\/blog\/wp-content\/uploads\/2007\/06\/Pavulagem2007Praca01palco0.jpg\"><img loading=\"lazy\" decoding=\"async\" width=\"375\" height=\"500\" data-id=\"4423\" src=\"https:\/\/fabiocavalcante.com\/blog\/wp-content\/uploads\/2007\/06\/Pavulagem2007Praca01palco0.jpg\" alt=\"\" class=\"wp-image-4423\" srcset=\"https:\/\/fabiocavalcante.com\/blog\/wp-content\/uploads\/2007\/06\/Pavulagem2007Praca01palco0.jpg 375w, https:\/\/fabiocavalcante.com\/blog\/wp-content\/uploads\/2007\/06\/Pavulagem2007Praca01palco0-225x300.jpg 225w\" sizes=\"auto, (max-width: 375px) 100vw, 375px\" \/><\/a><figcaption class=\"wp-element-caption\">Mestre Faustino<\/figcaption><\/figure>\n\n\n\n<figure class=\"wp-block-image size-large\"><a href=\"https:\/\/fabiocavalcante.com\/blog\/wp-content\/uploads\/2007\/06\/Pavulagem2007Praca02palco1.jpg\"><img loading=\"lazy\" decoding=\"async\" width=\"667\" height=\"500\" data-id=\"4424\" src=\"https:\/\/fabiocavalcante.com\/blog\/wp-content\/uploads\/2007\/06\/Pavulagem2007Praca02palco1.jpg\" alt=\"\" class=\"wp-image-4424\" srcset=\"https:\/\/fabiocavalcante.com\/blog\/wp-content\/uploads\/2007\/06\/Pavulagem2007Praca02palco1.jpg 667w, https:\/\/fabiocavalcante.com\/blog\/wp-content\/uploads\/2007\/06\/Pavulagem2007Praca02palco1-300x225.jpg 300w\" sizes=\"auto, (max-width: 667px) 100vw, 667px\" \/><\/a><figcaption class=\"wp-element-caption\">Mestre Faustino e Boi Pai-do-campo na pra\u00e7a da Rep\u00fablica<\/figcaption><\/figure>\n\n\n\n<figure class=\"wp-block-image size-large\"><a href=\"https:\/\/fabiocavalcante.com\/blog\/wp-content\/uploads\/2007\/06\/Pavulagem2007Praca03palco2.jpg\"><img loading=\"lazy\" decoding=\"async\" width=\"667\" height=\"500\" data-id=\"4425\" src=\"https:\/\/fabiocavalcante.com\/blog\/wp-content\/uploads\/2007\/06\/Pavulagem2007Praca03palco2.jpg\" alt=\"P\u00fablico do Arraial do Pavulagem na Pra\u00e7a da Rep\u00fablica\" class=\"wp-image-4425\" srcset=\"https:\/\/fabiocavalcante.com\/blog\/wp-content\/uploads\/2007\/06\/Pavulagem2007Praca03palco2.jpg 667w, https:\/\/fabiocavalcante.com\/blog\/wp-content\/uploads\/2007\/06\/Pavulagem2007Praca03palco2-300x225.jpg 300w\" sizes=\"auto, (max-width: 667px) 100vw, 667px\" \/><\/a><figcaption class=\"wp-element-caption\">P\u00fablico<\/figcaption><\/figure>\n<\/figure>\n\n\n\n<p>Mestre Tu\u00edte, al\u00e9m de acompanhar Faustino nas brincadeiras, \u00e9 o amo do boi Geringon\u00e7a, tamb\u00e9m de Our\u00e9m. Conhe\u00e7a um pouco dele tamb\u00e9m aqui&nbsp;<a href=\"https:\/\/fgcproducoes.fabiocavalcante.com\/artistas\/mestre-tuite\/\" target=\"_blank\" rel=\"noreferrer noopener\">nesta p\u00e1gina<\/a>&nbsp;do s\u00edtio FGC Produ\u00e7\u00f5es.<\/p>\n","protected":false},"excerpt":{"rendered":"<p>Caminhada por dentro do batalh\u00e3o do&nbsp;Pavulagem, gravada no arrast\u00e3o do dia 24\/06\/2007. O&nbsp;v\u00eddeo&nbsp;mostra tr\u00eas momentos: a sa\u00edda (no in\u00edcio da Av. Presidente Vargas); o meio da caminhada na mesma avenida; e a chegada na&nbsp;Pra\u00e7a da Rep\u00fablica, em frente aos mastros de S\u00e3o Jo\u00e3o. Reparem no talento do Rafael, o regente da galera do batuque, que [&hellip;]<\/p>\n","protected":false},"author":1,"featured_media":0,"comment_status":"open","ping_status":"open","sticky":false,"template":"","format":"standard","meta":{"footnotes":""},"categories":[3,5],"tags":[34,17],"class_list":["post-254","post","type-post","status-publish","format-standard","hentry","category-folclore","category-videos","tag-boi-pavulagem","tag-folclore-paraense"],"_links":{"self":[{"href":"https:\/\/fabiocavalcante.com\/blog\/wp-json\/wp\/v2\/posts\/254","targetHints":{"allow":["GET"]}}],"collection":[{"href":"https:\/\/fabiocavalcante.com\/blog\/wp-json\/wp\/v2\/posts"}],"about":[{"href":"https:\/\/fabiocavalcante.com\/blog\/wp-json\/wp\/v2\/types\/post"}],"author":[{"embeddable":true,"href":"https:\/\/fabiocavalcante.com\/blog\/wp-json\/wp\/v2\/users\/1"}],"replies":[{"embeddable":true,"href":"https:\/\/fabiocavalcante.com\/blog\/wp-json\/wp\/v2\/comments?post=254"}],"version-history":[{"count":13,"href":"https:\/\/fabiocavalcante.com\/blog\/wp-json\/wp\/v2\/posts\/254\/revisions"}],"predecessor-version":[{"id":4427,"href":"https:\/\/fabiocavalcante.com\/blog\/wp-json\/wp\/v2\/posts\/254\/revisions\/4427"}],"wp:attachment":[{"href":"https:\/\/fabiocavalcante.com\/blog\/wp-json\/wp\/v2\/media?parent=254"}],"wp:term":[{"taxonomy":"category","embeddable":true,"href":"https:\/\/fabiocavalcante.com\/blog\/wp-json\/wp\/v2\/categories?post=254"},{"taxonomy":"post_tag","embeddable":true,"href":"https:\/\/fabiocavalcante.com\/blog\/wp-json\/wp\/v2\/tags?post=254"}],"curies":[{"name":"wp","href":"https:\/\/api.w.org\/{rel}","templated":true}]}}