{"id":255,"date":"2007-06-19T04:47:00","date_gmt":"2007-06-19T04:47:00","guid":{"rendered":"http:\/\/fabiocavalcante.com\/blog\/?p=255"},"modified":"2025-05-31T01:50:11","modified_gmt":"2025-05-31T01:50:11","slug":"boi-pai-do-campo-no-arrastao-do-pavulagem","status":"publish","type":"post","link":"https:\/\/fabiocavalcante.com\/blog\/boi-pai-do-campo-no-arrastao-do-pavulagem\/","title":{"rendered":"Boi Pai-do-Campo no Arrast\u00e3o do Pavulagem"},"content":{"rendered":"\n<p>Neste domingo, 24 de junho, o boi Pai-do-Campo de\u00a0<a href=\"http:\/\/pt.wikipedia.org\/wiki\/Our%C3%A9m_%28Par%C3%A1%29\" target=\"_blank\" rel=\"noreferrer noopener\">Our\u00e9m<\/a>\u00a0estar\u00e1 acompanhando o arrast\u00e3o do\u00a0<a href=\"https:\/\/pt.wikipedia.org\/wiki\/Arraial_do_Pavulagem\" target=\"_blank\" rel=\"noreferrer noopener\">Pavulagem<\/a>. O boi \u00e9 comandado por Faustino Almeida de Oliveira (Mestre Faustino), que j\u00e1 participou do arrast\u00e3o de\u00a0<a href=\"https:\/\/pt.wikipedia.org\/wiki\/Bel%C3%A9m_(Par%C3%A1)\" target=\"_blank\" rel=\"noreferrer noopener\">Bel\u00e9m\u00a0<\/a>em 2005 e 2006. <\/p>\n\n\n\n<figure class=\"wp-block-image aligncenter size-full\"><img loading=\"lazy\" decoding=\"async\" width=\"414\" height=\"500\" src=\"https:\/\/fabiocavalcante.com\/blog\/wp-content\/uploads\/2007\/06\/paidocampo_euefaustino.jpg\" alt=\"\" class=\"wp-image-4443\" srcset=\"https:\/\/fabiocavalcante.com\/blog\/wp-content\/uploads\/2007\/06\/paidocampo_euefaustino.jpg 414w, https:\/\/fabiocavalcante.com\/blog\/wp-content\/uploads\/2007\/06\/paidocampo_euefaustino-248x300.jpg 248w\" sizes=\"auto, (max-width: 414px) 100vw, 414px\" \/><figcaption class=\"wp-element-caption\">Eu e Mestre Faustino<\/figcaption><\/figure>\n\n\n\n<p>Mestre Faustino brinca boi na sede do munic\u00edpio de Our\u00e9m h\u00e1 19 anos, quando a fam\u00edlia dele e de Dona Miloca, a propriet\u00e1ria do boi, se mudaram para o local. Antes disso o grupo brincava na comunidade do Pacu\u00ed Claro, interior de\u00a0<a href=\"http:\/\/pt.wikipedia.org\/wiki\/Capit%C3%A3o_Po%C3%A7o\" target=\"_blank\" rel=\"noreferrer noopener\">Capit\u00e3o Po\u00e7o<\/a>, de onde s\u00e3o origin\u00e1rios. Desde os 10 anos de idade, Faustino j\u00e1 montava o boi, com tios e irm\u00e3os.<\/p>\n\n\n\n<p>Estive em Our\u00e9m na semana passada pra combinar a vinda dos brincantes no domingo que vem, e fui a um ensaio do grupo, feito no terreiro de Dona Miloca. Entre os versos cantados pelo grupo, esses (de Mestre Tu\u00edte, parceiro de Faustino) foram feitos especialmente pro arrast\u00e3o de Bel\u00e9m:<\/p>\n\n\n\n<blockquote class=\"wp-block-quote is-layout-flow wp-block-quote-is-layout-flow\">\n<p><em>\u201c\u00d3 meu S\u00e3o Jo\u00e3o<\/em><br><em>Eu t\u00f4 vendo a tua imagem<\/em><br><em>Vou de Our\u00e9m pra Bel\u00e9m<\/em><br><em>Pro Arraial da Pavulagem<\/em><\/p>\n\n\n\n<p><em>Assim que eu gosto de ver<\/em><br><em>Assim que eu gosto de olhar<\/em><br><em>Vou levar boi Pai-do-Campo<\/em><br><em>Pra Bel\u00e9m representar\u201d<\/em><\/p>\n<\/blockquote>\n\n\n\n<figure class=\"wp-block-gallery has-nested-images columns-default is-cropped wp-block-gallery-1 is-layout-flex wp-block-gallery-is-layout-flex\">\n<figure class=\"wp-block-image size-large\"><a href=\"https:\/\/fabiocavalcante.com\/blog\/wp-content\/uploads\/2007\/06\/paidocampo_ensaiofaustino.jpg\"><img loading=\"lazy\" decoding=\"async\" width=\"582\" height=\"500\" data-id=\"4444\" src=\"https:\/\/fabiocavalcante.com\/blog\/wp-content\/uploads\/2007\/06\/paidocampo_ensaiofaustino.jpg\" alt=\"\" class=\"wp-image-4444\" srcset=\"https:\/\/fabiocavalcante.com\/blog\/wp-content\/uploads\/2007\/06\/paidocampo_ensaiofaustino.jpg 582w, https:\/\/fabiocavalcante.com\/blog\/wp-content\/uploads\/2007\/06\/paidocampo_ensaiofaustino-300x258.jpg 300w\" sizes=\"auto, (max-width: 582px) 100vw, 582px\" \/><\/a><figcaption class=\"wp-element-caption\">Mestre Faustino<\/figcaption><\/figure>\n\n\n\n<figure class=\"wp-block-image size-large\"><a href=\"https:\/\/fabiocavalcante.com\/blog\/wp-content\/uploads\/2007\/06\/paidocampo_ensaioroda.jpg\"><img loading=\"lazy\" decoding=\"async\" width=\"667\" height=\"500\" data-id=\"4445\" src=\"https:\/\/fabiocavalcante.com\/blog\/wp-content\/uploads\/2007\/06\/paidocampo_ensaioroda.jpg\" alt=\"\" class=\"wp-image-4445\" srcset=\"https:\/\/fabiocavalcante.com\/blog\/wp-content\/uploads\/2007\/06\/paidocampo_ensaioroda.jpg 667w, https:\/\/fabiocavalcante.com\/blog\/wp-content\/uploads\/2007\/06\/paidocampo_ensaioroda-300x225.jpg 300w\" sizes=\"auto, (max-width: 667px) 100vw, 667px\" \/><\/a><figcaption class=\"wp-element-caption\">Batalh\u00e3o<\/figcaption><\/figure>\n\n\n\n<figure class=\"wp-block-image size-large\"><a href=\"https:\/\/fabiocavalcante.com\/blog\/wp-content\/uploads\/2007\/06\/paidocampo_ensaiotantan.jpg\"><img loading=\"lazy\" decoding=\"async\" width=\"667\" height=\"500\" data-id=\"4446\" src=\"https:\/\/fabiocavalcante.com\/blog\/wp-content\/uploads\/2007\/06\/paidocampo_ensaiotantan.jpg\" alt=\"\" class=\"wp-image-4446\" srcset=\"https:\/\/fabiocavalcante.com\/blog\/wp-content\/uploads\/2007\/06\/paidocampo_ensaiotantan.jpg 667w, https:\/\/fabiocavalcante.com\/blog\/wp-content\/uploads\/2007\/06\/paidocampo_ensaiotantan-300x225.jpg 300w\" sizes=\"auto, (max-width: 667px) 100vw, 667px\" \/><\/a><figcaption class=\"wp-element-caption\">Tan-tan tocando a on\u00e7a<\/figcaption><\/figure>\n<\/figure>\n\n\n\n<p>Esse ano o Arraial do Pavulagem colocou no repert\u00f3rio do arrast\u00e3o duas toadas de Mestre Faustino, que s\u00e3o cantadas na sa\u00edda do cortejo, na escadinha. S\u00e3o elas: \u201cPreserva\u00e7\u00e3o da natureza\u201d e \u201cMeu boi surgiu dos encantos da floresta\u201d. Esta \u00faltima foi composta para o arrast\u00e3o de bois de Our\u00e9m, que acontece desde 2005, reunindo os 4 grupos em atividade de l\u00e1. As duas m\u00fasicas sa\u00edram no disco&nbsp;<a href=\"https:\/\/fgcproducoes.fabiocavalcante.com\/artistas\/mestre-faustino\/bois-de-ourem-vol-2\/\" target=\"_blank\" rel=\"noreferrer noopener\">Bois de Our\u00e9m (Vol. 2)<\/a>, gravado em 2006. Confira aqui grava\u00e7\u00f5es e letras dessas m\u00fasicas:<\/p>\n\n\n\n<figure class=\"wp-block-audio\"><audio controls src=\"https:\/\/archive.org\/download\/BlogFGC27_BoisDeOuremVol2\/03-Presenvacao-da-natureza_192kb.mp3\"><\/audio><\/figure>\n\n\n\n<blockquote class=\"wp-block-quote is-layout-flow wp-block-quote-is-layout-flow\">\n<p>Preserva\u00e7\u00e3o da natureza<br>(Mestre Faustino)<\/p>\n\n\n\n<p>\u201cMeu batalh\u00e3o saiu na rua<br>Mostrando sua beleza<br>Ele veio pedir pro povo<br>A preserva\u00e7\u00e3o da natureza<br>N\u00e3o derrube a mata verde<br>\u00c9 isso que Deus n\u00e3o quer<br>Se derrubar mata virgem<br>Vai secar nossos igarap\u00e9s\u201d<\/p>\n<\/blockquote>\n\n\n\n<figure class=\"wp-block-audio\"><audio controls src=\"https:\/\/archive.org\/download\/BlogFGC27_BoisDeOuremVol2\/04-Meu-boi-surgiu_192kb.mp3\"><\/audio><\/figure>\n\n\n\n<blockquote class=\"wp-block-quote is-layout-flow wp-block-quote-is-layout-flow\">\n<p>Meu boi surgiu dos encantos da floresta<br>(Mestre Faustino)<\/p>\n\n\n\n<p>\u201cMeu boi surgiu dos encantos da floresta<br>Trazendo vida, tradi\u00e7\u00e3o em nossa festa<br>Boi Pai-do-Campo tem coisa de assombra\u00e7\u00e3o<br>Tem Curupira, Catirina e Folharal<\/p>\n\n\n\n<p>\u201cArrasta, meu boi, arrasta<br>Arrasta esse pov\u00e3o<br>O tom dessa batucada<br>D\u00e1 for\u00e7a em meu batalh\u00e3o<br>\u201cMeu Pai-do-Campo \u00e9 o gado do lugar<br>Tem muita for\u00e7a, tradi\u00e7\u00e3o para mostrar<br>\u201cMeu batalh\u00e3o \u00e9 criado no Par\u00e1<br>Est\u00e1 disposto \u00e0 beira do Rio Guam\u00e1\u201d<\/p>\n<\/blockquote>\n\n\n\n<p>Aqui est\u00e3o imagens da matan\u00e7a do Pai-do-Campo, em 2006.<\/p>\n\n\n\n<figure class=\"wp-block-gallery has-nested-images columns-default is-cropped wp-block-gallery-2 is-layout-flex wp-block-gallery-is-layout-flex\">\n<figure class=\"wp-block-image size-large\"><a href=\"https:\/\/fabiocavalcante.com\/blog\/wp-content\/uploads\/2007\/06\/paidocampo_matanca2006caminhada.jpg\"><img loading=\"lazy\" decoding=\"async\" width=\"667\" height=\"500\" data-id=\"4449\" src=\"https:\/\/fabiocavalcante.com\/blog\/wp-content\/uploads\/2007\/06\/paidocampo_matanca2006caminhada.jpg\" alt=\"\" class=\"wp-image-4449\" srcset=\"https:\/\/fabiocavalcante.com\/blog\/wp-content\/uploads\/2007\/06\/paidocampo_matanca2006caminhada.jpg 667w, https:\/\/fabiocavalcante.com\/blog\/wp-content\/uploads\/2007\/06\/paidocampo_matanca2006caminhada-300x225.jpg 300w\" sizes=\"auto, (max-width: 667px) 100vw, 667px\" \/><\/a><figcaption class=\"wp-element-caption\">Batalh\u00e3o do Pai-do-campo pelas ruas de Our\u00e9m<\/figcaption><\/figure>\n\n\n\n<figure class=\"wp-block-image size-large\"><a href=\"https:\/\/fabiocavalcante.com\/blog\/wp-content\/uploads\/2007\/06\/paidocampo_matanca2006faustino.jpg\"><img loading=\"lazy\" decoding=\"async\" width=\"375\" height=\"500\" data-id=\"4450\" src=\"https:\/\/fabiocavalcante.com\/blog\/wp-content\/uploads\/2007\/06\/paidocampo_matanca2006faustino.jpg\" alt=\"\" class=\"wp-image-4450\" srcset=\"https:\/\/fabiocavalcante.com\/blog\/wp-content\/uploads\/2007\/06\/paidocampo_matanca2006faustino.jpg 375w, https:\/\/fabiocavalcante.com\/blog\/wp-content\/uploads\/2007\/06\/paidocampo_matanca2006faustino-225x300.jpg 225w\" sizes=\"auto, (max-width: 375px) 100vw, 375px\" \/><\/a><figcaption class=\"wp-element-caption\">Mestre Faustino<\/figcaption><\/figure>\n\n\n\n<figure class=\"wp-block-image size-large\"><a href=\"https:\/\/fabiocavalcante.com\/blog\/wp-content\/uploads\/2007\/06\/paidocampo_matanca2006tuite.jpg\"><img loading=\"lazy\" decoding=\"async\" width=\"667\" height=\"500\" data-id=\"4451\" src=\"https:\/\/fabiocavalcante.com\/blog\/wp-content\/uploads\/2007\/06\/paidocampo_matanca2006tuite.jpg\" alt=\"\" class=\"wp-image-4451\" srcset=\"https:\/\/fabiocavalcante.com\/blog\/wp-content\/uploads\/2007\/06\/paidocampo_matanca2006tuite.jpg 667w, https:\/\/fabiocavalcante.com\/blog\/wp-content\/uploads\/2007\/06\/paidocampo_matanca2006tuite-300x225.jpg 300w\" sizes=\"auto, (max-width: 667px) 100vw, 667px\" \/><\/a><figcaption class=\"wp-element-caption\">Mestre Tu\u00edte no centro da roda<\/figcaption><\/figure>\n<\/figure>\n","protected":false},"excerpt":{"rendered":"<p>Neste domingo, 24 de junho, o boi Pai-do-Campo de\u00a0Our\u00e9m\u00a0estar\u00e1 acompanhando o arrast\u00e3o do\u00a0Pavulagem. O boi \u00e9 comandado por Faustino Almeida de Oliveira (Mestre Faustino), que j\u00e1 participou do arrast\u00e3o de\u00a0Bel\u00e9m\u00a0em 2005 e 2006. Mestre Faustino brinca boi na sede do munic\u00edpio de Our\u00e9m h\u00e1 19 anos, quando a fam\u00edlia dele e de Dona Miloca, a [&hellip;]<\/p>\n","protected":false},"author":1,"featured_media":0,"comment_status":"open","ping_status":"open","sticky":false,"template":"","format":"standard","meta":{"footnotes":""},"categories":[3,2],"tags":[34,17,39],"class_list":["post-255","post","type-post","status-publish","format-standard","hentry","category-folclore","category-musicas-audios","tag-boi-pavulagem","tag-folclore-paraense","tag-ourem"],"_links":{"self":[{"href":"https:\/\/fabiocavalcante.com\/blog\/wp-json\/wp\/v2\/posts\/255","targetHints":{"allow":["GET"]}}],"collection":[{"href":"https:\/\/fabiocavalcante.com\/blog\/wp-json\/wp\/v2\/posts"}],"about":[{"href":"https:\/\/fabiocavalcante.com\/blog\/wp-json\/wp\/v2\/types\/post"}],"author":[{"embeddable":true,"href":"https:\/\/fabiocavalcante.com\/blog\/wp-json\/wp\/v2\/users\/1"}],"replies":[{"embeddable":true,"href":"https:\/\/fabiocavalcante.com\/blog\/wp-json\/wp\/v2\/comments?post=255"}],"version-history":[{"count":22,"href":"https:\/\/fabiocavalcante.com\/blog\/wp-json\/wp\/v2\/posts\/255\/revisions"}],"predecessor-version":[{"id":4629,"href":"https:\/\/fabiocavalcante.com\/blog\/wp-json\/wp\/v2\/posts\/255\/revisions\/4629"}],"wp:attachment":[{"href":"https:\/\/fabiocavalcante.com\/blog\/wp-json\/wp\/v2\/media?parent=255"}],"wp:term":[{"taxonomy":"category","embeddable":true,"href":"https:\/\/fabiocavalcante.com\/blog\/wp-json\/wp\/v2\/categories?post=255"},{"taxonomy":"post_tag","embeddable":true,"href":"https:\/\/fabiocavalcante.com\/blog\/wp-json\/wp\/v2\/tags?post=255"}],"curies":[{"name":"wp","href":"https:\/\/api.w.org\/{rel}","templated":true}]}}