{"id":256,"date":"2007-06-19T04:38:00","date_gmt":"2007-06-19T04:38:00","guid":{"rendered":"http:\/\/fabiocavalcante.com\/blog\/?p=256"},"modified":"2025-05-29T03:31:20","modified_gmt":"2025-05-29T03:31:20","slug":"pavulagem-2007-da-roseira-nasce-a-rosa","status":"publish","type":"post","link":"https:\/\/fabiocavalcante.com\/blog\/pavulagem-2007-da-roseira-nasce-a-rosa\/","title":{"rendered":"Pavulagem 2007 &#8211; Da Roseira Nasce a Rosa"},"content":{"rendered":"\n<figure class=\"wp-block-embed is-type-video is-provider-youtube wp-block-embed-youtube wp-embed-aspect-4-3 wp-has-aspect-ratio\"><div class=\"wp-block-embed__wrapper\">\n<iframe loading=\"lazy\" title=\"Da Roseira Nasce a Rosa - Arrast\u00e3o do Arraial do Pavulagem (Bel\u00e9m, 2007) #1\" width=\"500\" height=\"375\" src=\"https:\/\/www.youtube.com\/embed\/922eE5ekhzc?feature=oembed\" frameborder=\"0\" allow=\"accelerometer; autoplay; clipboard-write; encrypted-media; gyroscope; picture-in-picture; web-share\" referrerpolicy=\"strict-origin-when-cross-origin\" allowfullscreen><\/iframe>\n<\/div><\/figure>\n\n\n\n<p>O Boi&nbsp;<a href=\"https:\/\/pt.wikipedia.org\/wiki\/Arraial_do_Pavulagem\" target=\"_blank\" rel=\"noreferrer noopener\">Pavulagem<\/a>&nbsp;completou 20 anos domingo, 10 de junho. Muita onda no anivers\u00e1rio! Arrast\u00e3o pelas ruas, show com a pra\u00e7a lotada (falam em aproximadamente 10 mil pessoas!), apresenta\u00e7\u00e3o \u00e0 noite no&nbsp;<a href=\"https:\/\/palcobelem.com.br\/local\/teatro-esta%C3%A7%C3%A3o-gas%C3%B4metro\" target=\"_blank\" rel=\"noreferrer noopener\">Gas\u00f4metro<\/a>, com dezenas de batuqueiros, dan\u00e7arinos e sopros invadindo o teatro no final, carregando at\u00e9 um bolo com vela de 20 anos!!<\/p>\n\n\n\n<p>Tenho gravado os arrast\u00f5es do Pavulagem (peixe-boi, quadra junina e c\u00edrio) h\u00e1 v\u00e1rios anos, primeiro devido \u00e0 import\u00e2ncia que dou ao brinquedo, que pelo tamanho que tomou, pela organiza\u00e7\u00e3o, pelas toadas lindas; \u00e9 \u00fanico na cidade; e depois porque gosto pra caralho daquela farra. Caminhar ao lado do batalh\u00e3o sentindo o baque dos tambores; ver as cores \u2013 dos chap\u00e9us, do couro dos bois, das bandeiras, fitas; enfim, pra mim essa \u00e9 uma das vantagens que Bel\u00e9m ainda tem (e que as tem cada vez menos!).<\/p>\n\n\n\n<p>Este ano tive a oportunidade de estar mais perto da brincadeira, gra\u00e7as a um convite do Ronaldo Silva pra comandar, junto com o&nbsp;<a href=\"https:\/\/open.spotify.com\/artist\/7cKWRupZws7hUlVMpZ9T7t\" target=\"_blank\" rel=\"noreferrer noopener\">Allan PC<\/a>, os ensaios de canto do batalh\u00e3o. Um m\u00eas de ensaio (maio), e agora um m\u00eas de arrast\u00f5es pela frente. Aproveitei e fiz registros de v\u00e1rios momentos, que vou postando aos poucos aqui no blog.<\/p>\n\n\n\n<p>Este v\u00eddeo&nbsp;mostra o batalh\u00e3o ao som da m\u00fasica \u201cDa Roseira Nasce a Rosa\u201d, de&nbsp;<a href=\"https:\/\/fgcproducoes.fabiocavalcante.com\/artistas\/mestre-cardoso\/\" target=\"_blank\" rel=\"noreferrer noopener\">Mestre Cardoso<\/a>, amo do Boi Ouro Fino, da cidade de&nbsp;<a href=\"http:\/\/pt.wikipedia.org\/wiki\/Our%C3%A9m_%28Par%C3%A1%29\" target=\"_blank\" rel=\"noreferrer noopener\">Our\u00e9m<\/a>&nbsp;(PA), e que entrou no repert\u00f3rio do arrast\u00e3o esse ano. A letra diz:<\/p>\n\n\n\n<blockquote class=\"wp-block-quote is-layout-flow wp-block-quote-is-layout-flow\">\n<p>\u201cDa roseira nasce a rosa \/ Do amor nasce a amizade<br>Quem se ama n\u00e3o esquece \/ Quem se lembra tem saudade<\/p>\n\n\n\n<p>Da roseira nasce a rosa \/ E dela nasce o perfume<br>Mas o amor \u00e9 feliz \/ Quando ele n\u00e3o tem ci\u00fame<\/p>\n\n\n\n<p>O amor \u00e9 uma semente \/ Ele vem do cora\u00e7\u00e3o<br>Aonde tem o ci\u00fame \/ S\u00f3 d\u00e1 muita confus\u00e3o\u201d<\/p>\n<\/blockquote>\n","protected":false},"excerpt":{"rendered":"<p>O Boi&nbsp;Pavulagem&nbsp;completou 20 anos domingo, 10 de junho. Muita onda no anivers\u00e1rio! Arrast\u00e3o pelas ruas, show com a pra\u00e7a lotada (falam em aproximadamente 10 mil pessoas!), apresenta\u00e7\u00e3o \u00e0 noite no&nbsp;Gas\u00f4metro, com dezenas de batuqueiros, dan\u00e7arinos e sopros invadindo o teatro no final, carregando at\u00e9 um bolo com vela de 20 anos!! Tenho gravado os arrast\u00f5es [&hellip;]<\/p>\n","protected":false},"author":1,"featured_media":0,"comment_status":"open","ping_status":"open","sticky":false,"template":"","format":"standard","meta":{"footnotes":""},"categories":[3,5],"tags":[34,25,17,35],"class_list":["post-256","post","type-post","status-publish","format-standard","hentry","category-folclore","category-videos","tag-boi-pavulagem","tag-cancao","tag-folclore-paraense","tag-mestre-cardoso"],"_links":{"self":[{"href":"https:\/\/fabiocavalcante.com\/blog\/wp-json\/wp\/v2\/posts\/256","targetHints":{"allow":["GET"]}}],"collection":[{"href":"https:\/\/fabiocavalcante.com\/blog\/wp-json\/wp\/v2\/posts"}],"about":[{"href":"https:\/\/fabiocavalcante.com\/blog\/wp-json\/wp\/v2\/types\/post"}],"author":[{"embeddable":true,"href":"https:\/\/fabiocavalcante.com\/blog\/wp-json\/wp\/v2\/users\/1"}],"replies":[{"embeddable":true,"href":"https:\/\/fabiocavalcante.com\/blog\/wp-json\/wp\/v2\/comments?post=256"}],"version-history":[{"count":7,"href":"https:\/\/fabiocavalcante.com\/blog\/wp-json\/wp\/v2\/posts\/256\/revisions"}],"predecessor-version":[{"id":4366,"href":"https:\/\/fabiocavalcante.com\/blog\/wp-json\/wp\/v2\/posts\/256\/revisions\/4366"}],"wp:attachment":[{"href":"https:\/\/fabiocavalcante.com\/blog\/wp-json\/wp\/v2\/media?parent=256"}],"wp:term":[{"taxonomy":"category","embeddable":true,"href":"https:\/\/fabiocavalcante.com\/blog\/wp-json\/wp\/v2\/categories?post=256"},{"taxonomy":"post_tag","embeddable":true,"href":"https:\/\/fabiocavalcante.com\/blog\/wp-json\/wp\/v2\/tags?post=256"}],"curies":[{"name":"wp","href":"https:\/\/api.w.org\/{rel}","templated":true}]}}