{"id":259,"date":"2007-03-29T04:16:00","date_gmt":"2007-03-29T04:16:00","guid":{"rendered":"http:\/\/fabiocavalcante.com\/blog\/?p=259"},"modified":"2025-05-30T19:37:59","modified_gmt":"2025-05-30T19:37:59","slug":"essa-musica-e-uma-merda","status":"publish","type":"post","link":"https:\/\/fabiocavalcante.com\/blog\/essa-musica-e-uma-merda\/","title":{"rendered":"Essa m\u00fasica \u00e9 uma merda!"},"content":{"rendered":"\n<figure class=\"wp-block-embed is-type-rich is-provider-spotify wp-block-embed-spotify wp-embed-aspect-21-9 wp-has-aspect-ratio\"><div class=\"wp-block-embed__wrapper\">\n<iframe title=\"Spotify Embed: Cu Cag\u00e3o\" style=\"border-radius: 12px\" width=\"100%\" height=\"152\" frameborder=\"0\" allowfullscreen allow=\"autoplay; clipboard-write; encrypted-media; fullscreen; picture-in-picture\" loading=\"lazy\" src=\"https:\/\/open.spotify.com\/embed\/track\/0rno6Fldm4ADP6tS160TfL?si=ab5cdf6142b24e0b&#038;utm_source=oembed\"><\/iframe>\n<\/div><\/figure>\n\n\n\n<p>Fiz Cu cag\u00e3o para ser tocado na quinta edi\u00e7\u00e3o do <a href=\"http:\/\/www.overmundo.com.br\/overblog\/duo-artesanato-furioso-belem-pa\" target=\"_blank\" rel=\"noreferrer noopener\">Artesanato Furioso<\/a>. Vinha gravando desde janeiro de 2007 os sons de algumas cagadas, e com a confirma\u00e7\u00e3o junto ao <a href=\"http:\/\/www.overmundo.com.br\/perfis\/valerio-fiel-da-costa\" target=\"_blank\" rel=\"noreferrer noopener\">Val\u00e9rio<\/a> de que nesse ano ir\u00edamos fazer mesmo a quinta edi\u00e7\u00e3o, direcionei a cria\u00e7\u00e3o dela para esse evento, que aconteceu&nbsp;no&nbsp;<a href=\"https:\/\/pt.wikipedia.org\/wiki\/Teatro_Experimental_Waldemar_Henrique\" target=\"_blank\" rel=\"noreferrer noopener\">Teatro Experimental Waldemar Henrique<\/a>, em Bel\u00e9m\/PA, no dia 1\u00b0 de mar\u00e7o de 2007. O programa abaixo foi o entregue ao p\u00fablico, e, infelizmente, nenhum registro foi feito dessa tocada. Na \u00e9poca chamei esta m\u00fasica de &#8220;C.C.&#8221;, meio que querendo esconder o palavr\u00e3o do p\u00fablico.<\/p>\n\n\n\n<figure class=\"wp-block-image aligncenter size-full\"><img loading=\"lazy\" decoding=\"async\" width=\"500\" height=\"696\" src=\"https:\/\/fabiocavalcante.com\/blog\/wp-content\/uploads\/2007\/03\/afnoica01programa.gif\" alt=\"\" class=\"wp-image-4438\"\/><\/figure>\n\n\n\n<p>Uma observa\u00e7\u00e3o: esta n\u00e3o \u00e9 a primeira m\u00fasica &#8220;escatol\u00f3gica&#8221; nas costas do Artesanato. Na primeira edi\u00e7\u00e3o, em 2000, fiz uma com sons de arroto &#8211; as amostras &#8220;cantavam&#8221; a Fuga 1 de Bach. \u00c9 essa abaixo.<\/p>\n\n\n\n<figure class=\"wp-block-audio\"><audio controls src=\"https:\/\/archive.org\/download\/ArtesanatoFurioso\/01-Fuga-II_192kb.mp3\"><\/audio><\/figure>\n\n\n\n<p>Cu Cag\u00e3o foi escrita para &#8220;sons gravados&#8221;, vozes, bal\u00e3o, pano e velcro; e no dia da apresenta\u00e7\u00e3o tocaram os m\u00fasicos <a href=\"https:\/\/open.spotify.com\/artist\/7cKWRupZws7hUlVMpZ9T7t\" target=\"_blank\" rel=\"noreferrer noopener\">Allan Carvalho<\/a> (no pano), F\u00e1bio Cavalcante (sons gravados), <a href=\"http:\/\/www.overmundo.com.br\/perfis\/renato-torres\" target=\"_blank\" rel=\"noreferrer noopener\">Renato Torres<\/a> (bal\u00e3o e voz) e Val\u00e9rio Fiel da Costa (Velcro). Todos ajudavam no coro. J\u00e1 a grava\u00e7\u00e3o em est\u00fadio n\u00e3o tem velcro, pois me pareceu desnecess\u00e1rio. Eis a letra:<\/p>\n\n\n\n<blockquote class=\"wp-block-quote is-layout-flow wp-block-quote-is-layout-flow\">\n<p>&#8220;Caguei &#8216;inda h\u00e1 pouco \/ O supermercado<br>Caguei &#8216;inda h\u00e1 pouco \/ O boi descongelado<br>Caguei &#8216;inda h\u00e1 pouco \/ No Waldemar Henrique<br>Caguei &#8216;inda h\u00e1 pouco \/ Muito<br>Caguei &#8216;inda h\u00e1 pouco \/ O saber da cozinheira<br>Caguei &#8216;inda h\u00e1 pouco \/ A saideira&#8221;<\/p>\n<\/blockquote>\n\n\n\n<p>Em 22 de setembro do mesmo ano de 2007, o Artesanato Furioso fez uma apresenta\u00e7\u00e3o no&nbsp;<a href=\"http:\/\/www.ica.ufpa.br\/\" target=\"_blank\" rel=\"noreferrer noopener\">Instituto de Ci\u00eancias da Arte<\/a>&nbsp;(ICA), tamb\u00e9m em Bel\u00e9m. Cu cag\u00e3o foi tocado e, desta vez, gravado. Participaram dessa tocada&nbsp;<a href=\"https:\/\/www.youtube.com\/channel\/UCFJR_pZH2X1WYCzsuUp1WdQ\" target=\"_blank\" rel=\"noreferrer noopener\">Renato Torres<\/a>&nbsp;(voz e bal\u00e3o),&nbsp;<a href=\"https:\/\/open.spotify.com\/artist\/7cKWRupZws7hUlVMpZ9T7t\" target=\"_blank\" rel=\"noreferrer noopener\">Allan Carvalho<\/a>&nbsp;(pano), F\u00e1bio Cavalcante (sons gravados),&nbsp;&nbsp;e Val\u00e9rio Fiel da Costa (velcro). \u00c9 o registro dispon\u00edvel a seguir.<\/p>\n\n\n\n<p><iframe loading=\"lazy\" src=\"https:\/\/archive.org\/embed\/artesanatofuriosonoica&amp;playlist=1&amp;list_height=150\" width=\"500\" height=\"210\" frameborder=\"0\" webkitallowfullscreen=\"true\" mozallowfullscreen=\"true\" allowfullscreen=\"\"><\/iframe><\/p>\n\n\n\n<p>O cartaz e o programa desta apresenta\u00e7\u00e3o em setembro s\u00e3o da&nbsp;<a href=\"http:\/\/lucianaleal.art.br\/\" target=\"_blank\" rel=\"noreferrer noopener\">Luciana Leal<\/a>, sobre foto de J\u00falio Santos.<\/p>\n\n\n\n<figure class=\"wp-block-gallery has-nested-images columns-default is-cropped wp-block-gallery-1 is-layout-flex wp-block-gallery-is-layout-flex\">\n<figure class=\"wp-block-image size-large\"><a href=\"https:\/\/fabiocavalcante.com\/blog\/wp-content\/uploads\/2007\/03\/afnoica02programa.jpg\"><img loading=\"lazy\" decoding=\"async\" width=\"400\" height=\"564\" data-id=\"4440\" src=\"https:\/\/fabiocavalcante.com\/blog\/wp-content\/uploads\/2007\/03\/afnoica02programa.jpg\" alt=\"\" class=\"wp-image-4440\" srcset=\"https:\/\/fabiocavalcante.com\/blog\/wp-content\/uploads\/2007\/03\/afnoica02programa.jpg 400w, https:\/\/fabiocavalcante.com\/blog\/wp-content\/uploads\/2007\/03\/afnoica02programa-213x300.jpg 213w\" sizes=\"auto, (max-width: 400px) 100vw, 400px\" \/><\/a><\/figure>\n\n\n\n<figure class=\"wp-block-image size-large\"><a href=\"https:\/\/fabiocavalcante.com\/blog\/wp-content\/uploads\/2007\/03\/afnoica02cartaz.jpg\"><img loading=\"lazy\" decoding=\"async\" width=\"400\" height=\"619\" data-id=\"4439\" src=\"https:\/\/fabiocavalcante.com\/blog\/wp-content\/uploads\/2007\/03\/afnoica02cartaz.jpg\" alt=\"\" class=\"wp-image-4439\" srcset=\"https:\/\/fabiocavalcante.com\/blog\/wp-content\/uploads\/2007\/03\/afnoica02cartaz.jpg 400w, https:\/\/fabiocavalcante.com\/blog\/wp-content\/uploads\/2007\/03\/afnoica02cartaz-194x300.jpg 194w\" sizes=\"auto, (max-width: 400px) 100vw, 400px\" \/><\/a><\/figure>\n<\/figure>\n\n\n\n<p>Se quiser ouvir outras m\u00fasicas do Artesanato Furioso, visite a <a href=\"https:\/\/fgcproducoes.fabiocavalcante.com\/artistas\/fabio-cavalcante\/artesanato-furioso\/\" target=\"_blank\" rel=\"noreferrer noopener\">p\u00e1gina do duo<\/a> no S\u00edtio FGC `Produ\u00e7\u00f5es.<\/p>\n","protected":false},"excerpt":{"rendered":"<p>Fiz Cu cag\u00e3o para ser tocado na quinta edi\u00e7\u00e3o do Artesanato Furioso. Vinha gravando desde janeiro de 2007 os sons de algumas cagadas, e com a confirma\u00e7\u00e3o junto ao Val\u00e9rio de que nesse ano ir\u00edamos fazer mesmo a quinta edi\u00e7\u00e3o, direcionei a cria\u00e7\u00e3o dela para esse evento, que aconteceu&nbsp;no&nbsp;Teatro Experimental Waldemar Henrique, em Bel\u00e9m\/PA, no [&hellip;]<\/p>\n","protected":false},"author":1,"featured_media":0,"comment_status":"open","ping_status":"open","sticky":false,"template":"","format":"standard","meta":{"footnotes":""},"categories":[2],"tags":[33,29],"class_list":["post-259","post","type-post","status-publish","format-standard","hentry","category-musicas-audios","tag-artesanato-furioso","tag-single"],"_links":{"self":[{"href":"https:\/\/fabiocavalcante.com\/blog\/wp-json\/wp\/v2\/posts\/259","targetHints":{"allow":["GET"]}}],"collection":[{"href":"https:\/\/fabiocavalcante.com\/blog\/wp-json\/wp\/v2\/posts"}],"about":[{"href":"https:\/\/fabiocavalcante.com\/blog\/wp-json\/wp\/v2\/types\/post"}],"author":[{"embeddable":true,"href":"https:\/\/fabiocavalcante.com\/blog\/wp-json\/wp\/v2\/users\/1"}],"replies":[{"embeddable":true,"href":"https:\/\/fabiocavalcante.com\/blog\/wp-json\/wp\/v2\/comments?post=259"}],"version-history":[{"count":23,"href":"https:\/\/fabiocavalcante.com\/blog\/wp-json\/wp\/v2\/posts\/259\/revisions"}],"predecessor-version":[{"id":4471,"href":"https:\/\/fabiocavalcante.com\/blog\/wp-json\/wp\/v2\/posts\/259\/revisions\/4471"}],"wp:attachment":[{"href":"https:\/\/fabiocavalcante.com\/blog\/wp-json\/wp\/v2\/media?parent=259"}],"wp:term":[{"taxonomy":"category","embeddable":true,"href":"https:\/\/fabiocavalcante.com\/blog\/wp-json\/wp\/v2\/categories?post=259"},{"taxonomy":"post_tag","embeddable":true,"href":"https:\/\/fabiocavalcante.com\/blog\/wp-json\/wp\/v2\/tags?post=259"}],"curies":[{"name":"wp","href":"https:\/\/api.w.org\/{rel}","templated":true}]}}