{"id":260,"date":"2007-03-28T04:00:00","date_gmt":"2007-03-28T04:00:00","guid":{"rendered":"http:\/\/fabiocavalcante.com\/blog\/?p=260"},"modified":"2025-05-29T03:31:31","modified_gmt":"2025-05-29T03:31:31","slug":"fora-dudu-manifestacao-de-estudantes","status":"publish","type":"post","link":"https:\/\/fabiocavalcante.com\/blog\/fora-dudu-manifestacao-de-estudantes\/","title":{"rendered":"&#8220;Fora Dudu!&#8221; &#8211; Manifesta\u00e7\u00e3o de Estudantes"},"content":{"rendered":"\n<figure class=\"wp-block-embed is-type-video is-provider-youtube wp-block-embed-youtube wp-embed-aspect-4-3 wp-has-aspect-ratio\"><div class=\"wp-block-embed__wrapper\">\n<iframe loading=\"lazy\" title=\"Fora, Dudu! (curta-metragem)\" width=\"500\" height=\"375\" src=\"https:\/\/www.youtube.com\/embed\/KYCtyR3qbbE?feature=oembed\" frameborder=\"0\" allow=\"accelerometer; autoplay; clipboard-write; encrypted-media; gyroscope; picture-in-picture; web-share\" referrerpolicy=\"strict-origin-when-cross-origin\" allowfullscreen><\/iframe>\n<\/div><\/figure>\n\n\n\n<p>Dia 22 de mar\u00e7o os estudantes de&nbsp;<a rel=\"noreferrer noopener\" href=\"https:\/\/pt.wikipedia.org\/wiki\/Bel%C3%A9m_(Par%C3%A1)\" target=\"_blank\">Bel\u00e9m<\/a>&nbsp;fizeram essa manifesta\u00e7\u00e3o cobrando investiga\u00e7\u00e3o das den\u00fancias que tem sido feitas contra o Prefeito&nbsp;<a rel=\"noreferrer noopener\" href=\"http:\/\/desciclo.pedia.ws\/wiki\/Duciomar_Costa\" target=\"_blank\">Duciomar Costa<\/a>. A\u00ed fui me divertir fazendo esse pequeno v\u00eddeo com cenas da manifesta\u00e7\u00e3o. Queria ter postado ele \u201cem cima do lance\u201d, mas a conex\u00e3o banda lerda de casa n\u00e3o permitiu. S\u00f3 agora, gra\u00e7as \u00e0 uma banda larga amiga, consegui public\u00e1-lo. A qualidade da imagem n\u00e3o \u00e9 l\u00e1 grande coisa, t\u00e1? Mas curti muito ouvir o corinho cantar pra tropa de choque: \u201cO Movimento Estudantil \/ O Duciomar v\u00e1 pra puta que pariu!\u201d.<\/p>\n","protected":false},"excerpt":{"rendered":"<p>Dia 22 de mar\u00e7o os estudantes de&nbsp;Bel\u00e9m&nbsp;fizeram essa manifesta\u00e7\u00e3o cobrando investiga\u00e7\u00e3o das den\u00fancias que tem sido feitas contra o Prefeito&nbsp;Duciomar Costa. A\u00ed fui me divertir fazendo esse pequeno v\u00eddeo com cenas da manifesta\u00e7\u00e3o. Queria ter postado ele \u201cem cima do lance\u201d, mas a conex\u00e3o banda lerda de casa n\u00e3o permitiu. S\u00f3 agora, gra\u00e7as \u00e0 uma [&hellip;]<\/p>\n","protected":false},"author":1,"featured_media":0,"comment_status":"open","ping_status":"open","sticky":false,"template":"","format":"standard","meta":{"footnotes":""},"categories":[5],"tags":[],"class_list":["post-260","post","type-post","status-publish","format-standard","hentry","category-videos"],"_links":{"self":[{"href":"https:\/\/fabiocavalcante.com\/blog\/wp-json\/wp\/v2\/posts\/260","targetHints":{"allow":["GET"]}}],"collection":[{"href":"https:\/\/fabiocavalcante.com\/blog\/wp-json\/wp\/v2\/posts"}],"about":[{"href":"https:\/\/fabiocavalcante.com\/blog\/wp-json\/wp\/v2\/types\/post"}],"author":[{"embeddable":true,"href":"https:\/\/fabiocavalcante.com\/blog\/wp-json\/wp\/v2\/users\/1"}],"replies":[{"embeddable":true,"href":"https:\/\/fabiocavalcante.com\/blog\/wp-json\/wp\/v2\/comments?post=260"}],"version-history":[{"count":6,"href":"https:\/\/fabiocavalcante.com\/blog\/wp-json\/wp\/v2\/posts\/260\/revisions"}],"predecessor-version":[{"id":4368,"href":"https:\/\/fabiocavalcante.com\/blog\/wp-json\/wp\/v2\/posts\/260\/revisions\/4368"}],"wp:attachment":[{"href":"https:\/\/fabiocavalcante.com\/blog\/wp-json\/wp\/v2\/media?parent=260"}],"wp:term":[{"taxonomy":"category","embeddable":true,"href":"https:\/\/fabiocavalcante.com\/blog\/wp-json\/wp\/v2\/categories?post=260"},{"taxonomy":"post_tag","embeddable":true,"href":"https:\/\/fabiocavalcante.com\/blog\/wp-json\/wp\/v2\/tags?post=260"}],"curies":[{"name":"wp","href":"https:\/\/api.w.org\/{rel}","templated":true}]}}