{"id":263,"date":"2007-03-08T03:43:00","date_gmt":"2007-03-08T03:43:00","guid":{"rendered":"http:\/\/fabiocavalcante.com\/blog\/?p=263"},"modified":"2025-06-11T01:22:29","modified_gmt":"2025-06-11T01:22:29","slug":"artesanato-furioso-na-pauta-maldita","status":"publish","type":"post","link":"https:\/\/fabiocavalcante.com\/blog\/artesanato-furioso-na-pauta-maldita\/","title":{"rendered":"Artesanato Furioso na Pauta Maldita"},"content":{"rendered":"\n<p>Criado em 2000 por mim e&nbsp;<a href=\"http:\/\/www.overmundo.com.br\/perfis\/valerio-fiel-da-costa\" target=\"_blank\" rel=\"noreferrer noopener\">Val\u00e9rio Fiel da Costa<\/a>&nbsp;para apresentar nosso trabalho com eletroac\u00fastica, improvisa\u00e7\u00e3o e indetermina\u00e7\u00e3o, o&nbsp;<a href=\"http:\/\/overmundo.com.br\/overblog\/duo-artesanato-furioso-belem-pa\" target=\"_blank\" rel=\"noreferrer noopener\">Artesanato Furioso<\/a>&nbsp;chegou na sua&nbsp;<a href=\"http:\/\/www.overmundo.com.br\/agenda\/artesanato-furioso-na-pauta-maldita\" target=\"_blank\" rel=\"noreferrer noopener\">quinta edi\u00e7\u00e3o<\/a>. \u00c0s 24:00h na Pauta Maldita do&nbsp;<a href=\"https:\/\/pt.wikipedia.org\/wiki\/Teatro_Experimental_Waldemar_Henrique\" target=\"_blank\" rel=\"noreferrer noopener\">Teatro Waldemar Henrique<\/a>&nbsp;(de novo eu l\u00e1, j\u00e1 que a&nbsp;<a href=\"https:\/\/fabiocavalcante.com\/blog\/doristi-na-pauta-maldita\/\" target=\"_blank\" rel=\"noreferrer noopener\">abertura da &#8220;Pauta&#8221;<\/a>, duas semanas antes, foi com o Doristi), nos apresentamos por duas noites. No dia 28 de fevereiro, com a pe\u00e7a&nbsp;<a href=\"https:\/\/fabiocavalcante.com\/blog\/satori-artesanato-furioso-em-video-na-internet\/\" target=\"_blank\" rel=\"noreferrer noopener\">Satori<\/a>, do Val\u00e9rio, pra seis int\u00e9rpretes, e com duas horas de dura\u00e7\u00e3o. Assista a\u00ed a filmagem de Satori, e leia a partitura <a href=\"https:\/\/www.fabiocavalcante.com\/blog\/arquivos\/03artesanato\/satori_valeriofiel.pdf\" target=\"_blank\" rel=\"noreferrer noopener\">aqui<\/a>.<\/p>\n\n\n\n<figure class=\"wp-block-embed is-type-video is-provider-youtube wp-block-embed-youtube wp-embed-aspect-4-3 wp-has-aspect-ratio\"><div class=\"wp-block-embed__wrapper\">\n<iframe loading=\"lazy\" title=\"Satori (Val\u00e9rio Fiel da Costa) #1 - Artesanato Furioso [ao vivo no Waldemar Henrique; Bel\u00e9m, 2007]\" width=\"500\" height=\"375\" src=\"https:\/\/www.youtube.com\/embed\/FlU88mGJehU?list=PL932A467F985E080F\" frameborder=\"0\" allow=\"accelerometer; autoplay; clipboard-write; encrypted-media; gyroscope; picture-in-picture; web-share\" referrerpolicy=\"strict-origin-when-cross-origin\" allowfullscreen><\/iframe>\n<\/div><\/figure>\n\n\n\n<p>Nesta apresenta\u00e7\u00e3o tocaram os m\u00fasicos&nbsp;Alan Fonseca&nbsp;(sopros), <a href=\"https:\/\/open.spotify.com\/artist\/7cKWRupZws7hUlVMpZ9T7t\" target=\"_blank\" rel=\"noreferrer noopener\">Allan Carvalho<\/a> (cordas), Cl\u00e1udio Costa (percuss\u00f5es),&nbsp;<a href=\"http:\/\/www.overmundo.com.br\/perfis\/fabio-cavalcante\" target=\"_blank\" rel=\"noreferrer noopener\">F\u00e1bio Cavalcante<\/a>&nbsp;(sons gravados),&nbsp;<a href=\"http:\/\/www.overmundo.com.br\/perfis\/renato-torres\" target=\"_blank\" rel=\"noreferrer noopener\">Renato Torres<\/a>&nbsp;(voz) e Val\u00e9rio Fiel (sintetizador).<\/p>\n\n\n\n<p>O por\u00e3o estava escuro e havia uma lumin\u00e1ria e um microfone para cada int\u00e9rprete, com exce\u00e7\u00e3o do Val\u00e9rio que, ao inv\u00e9s de um microfone, tinha um sintetizador ao lado. Para seguir a pr\u00f3pria partitura, cada um usava um cron\u00f4metro \u2013 isso garantia tamb\u00e9m a independ\u00eancia do tempo de cada execu\u00e7\u00e3o em rela\u00e7\u00e3o \u00e0s demais. E isso era importante: cada int\u00e9rprete devia se manter indiferente aos outros, sem, por exemplo, tentar se \u201cencaixar\u201d em pulsos alheios. Ao mesmo tempo, certos sincronismos j\u00e1 estabelecidos pela partitura se tornavam inevit\u00e1veis com o uso do cron\u00f4metro \u2013 sil\u00eancios recorrentes a cada meia hora por exemplo, e os ataques simult\u00e2neos da voz (Renato Torres) e do sopro (Alan Fonseca), na primeira hora da pe\u00e7a (o primeiro m\u00f3dulo dos dois era: \u201c1 hora tocando a mesma figura a cada 1 minuto\u201d).<\/p>\n\n\n\n<p>Na primeira metade da apresenta\u00e7\u00e3o ficamos s\u00f3 os m\u00fasicos e t\u00e9cnicos no por\u00e3o, e o \u00e1udio do que toc\u00e1vamos era enviado l\u00e1 pra cima do teatro, onde o p\u00fablico nos ouvia nas caixas de som.<\/p>\n\n\n\n<p>O pr\u00f3prio Val\u00e9rio me falou sobre essa id\u00e9ia \u2013 \u201cPensei em p\u00f4r caixas porrada l\u00e1 em cima no teatro, e tocar embaixo. Depois de 1 hora de m\u00fasica aparentemente fixa em suporte, algu\u00e9m conduziria as pessoas para o por\u00e3o (\u2026). O cora\u00e7\u00e3o do&nbsp;<em>satori<\/em>&nbsp;pulsando no subsolo se torna aparente. L\u00e1 embaixo, apenas (\u2026) lumin\u00e1rias, uma forma\u00e7\u00e3o compacta de microfones e (\u2026) caixas meio distantes. As pessoas sobreviventes da primeira parte se acomodariam no ch\u00e3o sentadas em almofadas. L\u00e1 em cima as caixas continuam \u00e0 toda.\u201d<\/p>\n\n\n\n<p>A filmagem, feita por T\u00e2nia Neiva (que tamb\u00e9m nos ajudou na maquiagem), n\u00e3o est\u00e1 completa \u2013 a bateria da c\u00e2mera acabou com pouco mais de uma hora de grava\u00e7\u00e3o. Mas pelo menos conseguimos fazer o primeiro registro em v\u00eddeo do Artesanato Furioso. Das 4 edi\u00e7\u00f5es anteriores s\u00f3 tenho fotos \u2013 e nenhum \u00e1udio! Para os que assistirem, notem na parte 6 a entrada do p\u00fablico, j\u00e1 uma hora depois. Segundo informa\u00e7\u00f5es da coordena\u00e7\u00e3o do teatro, 70 pessoas foram ao evento \u00e0quela noite, mas, \u00e0 uma da manh\u00e3, quando o por\u00e3o foi aberto, aproximadamente 20 \u201csobreviviam\u201d.<\/p>\n\n\n\n<p>No segundo dia, fizemos um concerto com 6 pe\u00e7as:<\/p>\n\n\n\n<ol class=\"wp-block-list\">\n<li><strong>CC<\/strong> (<em>F\u00e1bio Cavalcante<\/em>) \u2013 pe\u00e7a eletroac\u00fastica com sons de defeca\u00e7\u00e3o e improvisa\u00e7\u00e3o com velcro, bal\u00f5es e panos. `Posteriormente intitulei essa m\u00fasica de Cu Cag\u00e3o. Os improvisos ficaram a cargo do Val\u00e9rio (Velcro),&nbsp;<a href=\"http:\/\/www.overmundo.com.br\/perfis\/renato-torres\" target=\"_blank\" rel=\"noreferrer noopener\">Renato Torres<\/a>&nbsp;(Bal\u00f5es) e&nbsp;Allan Carvalho&nbsp;(Panos);<\/li>\n\n\n\n<li><strong>Missa<\/strong> (<em>Val\u00e9rio Fiel da Costa<\/em>) \u2013 pe\u00e7a para voz falada, sons gravados, metais percutidos e sintetizador;<\/li>\n\n\n\n<li><strong>Polui\u00e7\u00e3o Sonora<\/strong> (<em>F\u00e1bio Cavalcante<\/em>) \u2013 para sons gravados e improvisa\u00e7\u00e3o com bal\u00f5es (por Allan), copos e isopor (por Val\u00e9rio);<\/li>\n\n\n\n<li><strong>Limiar<\/strong> (<em>Val\u00e9rio Fiel da Costa<\/em>) \u2013 para regente, tambor de on\u00e7a e 8 r\u00f3i-r\u00f3is;<\/li>\n\n\n\n<li><strong>Oferenda \u00e0 Olorum<\/strong> (<em>Alan Fonseca<\/em>) \u2013 sons gravados; e<\/li>\n\n\n\n<li><strong>A Cela<\/strong> (<em>Val\u00e9rio Fiel da Costa<\/em>) \u2013 partida de xadrez amplificada e sons gravados.<\/li>\n<\/ol>\n\n\n\n<figure class=\"wp-block-image aligncenter size-full\"><img loading=\"lazy\" decoding=\"async\" width=\"400\" height=\"556\" src=\"https:\/\/fabiocavalcante.com\/blog\/wp-content\/uploads\/2007\/03\/satori01programa.gif\" alt=\"\" class=\"wp-image-4430\"\/><\/figure>\n\n\n\n<p>A cenografia ficou por conta de Aldo Paz, e a ilumina\u00e7\u00e3o, de&nbsp;<a href=\"http:\/\/www.flickr.com\/photos\/eddiepereira\/\" target=\"_blank\" rel=\"noreferrer noopener\">Eddie Pereira<\/a>. E as participa\u00e7\u00f5es especiais foram de Alan Fonseca, Allan Carvalho, Cl\u00e1udio Costa, Renato Torres, Sttefane Trindade, T\u00e2nia Melo; e dos enxadristas Carlos Alfredo e Ubiratan dos Santos Lopes.<\/p>\n\n\n\n<p>Eis tr\u00eas fotos da primeira noite.<\/p>\n\n\n\n<figure class=\"wp-block-gallery has-nested-images columns-default is-cropped wp-block-gallery-1 is-layout-flex wp-block-gallery-is-layout-flex\">\n<figure class=\"wp-block-image size-large\"><a href=\"https:\/\/fabiocavalcante.com\/blog\/wp-content\/uploads\/2007\/03\/ArtesanatoFurioso5edicao_1.jpg\"><img loading=\"lazy\" decoding=\"async\" width=\"800\" height=\"600\" data-id=\"4433\" src=\"https:\/\/fabiocavalcante.com\/blog\/wp-content\/uploads\/2007\/03\/ArtesanatoFurioso5edicao_1.jpg\" alt=\"\" class=\"wp-image-4433\" srcset=\"https:\/\/fabiocavalcante.com\/blog\/wp-content\/uploads\/2007\/03\/ArtesanatoFurioso5edicao_1.jpg 800w, https:\/\/fabiocavalcante.com\/blog\/wp-content\/uploads\/2007\/03\/ArtesanatoFurioso5edicao_1-300x225.jpg 300w, https:\/\/fabiocavalcante.com\/blog\/wp-content\/uploads\/2007\/03\/ArtesanatoFurioso5edicao_1-768x576.jpg 768w\" sizes=\"auto, (max-width: 800px) 100vw, 800px\" \/><\/a><figcaption class=\"wp-element-caption\">Equipe Artesanato Furioso, 5\u00aa Edi\u00e7\u00e3o<\/figcaption><\/figure>\n\n\n\n<figure class=\"wp-block-image size-large\"><a href=\"https:\/\/fabiocavalcante.com\/blog\/wp-content\/uploads\/2007\/03\/ArtesanatoFurioso5edicao_2.jpg\"><img loading=\"lazy\" decoding=\"async\" width=\"800\" height=\"600\" data-id=\"4434\" src=\"https:\/\/fabiocavalcante.com\/blog\/wp-content\/uploads\/2007\/03\/ArtesanatoFurioso5edicao_2.jpg\" alt=\"\" class=\"wp-image-4434\" srcset=\"https:\/\/fabiocavalcante.com\/blog\/wp-content\/uploads\/2007\/03\/ArtesanatoFurioso5edicao_2.jpg 800w, https:\/\/fabiocavalcante.com\/blog\/wp-content\/uploads\/2007\/03\/ArtesanatoFurioso5edicao_2-300x225.jpg 300w, https:\/\/fabiocavalcante.com\/blog\/wp-content\/uploads\/2007\/03\/ArtesanatoFurioso5edicao_2-768x576.jpg 768w\" sizes=\"auto, (max-width: 800px) 100vw, 800px\" \/><\/a><figcaption class=\"wp-element-caption\">Equipe Artesanato Furioso, 5\u00aa Edi\u00e7\u00e3o.<\/figcaption><\/figure>\n\n\n\n<figure class=\"wp-block-image size-large\"><a href=\"https:\/\/fabiocavalcante.com\/blog\/wp-content\/uploads\/2007\/03\/ArtesanatoFurioso5edicao_3.jpg\"><img loading=\"lazy\" decoding=\"async\" width=\"830\" height=\"557\" data-id=\"4435\" src=\"https:\/\/fabiocavalcante.com\/blog\/wp-content\/uploads\/2007\/03\/ArtesanatoFurioso5edicao_3.jpg\" alt=\"\" class=\"wp-image-4435\" srcset=\"https:\/\/fabiocavalcante.com\/blog\/wp-content\/uploads\/2007\/03\/ArtesanatoFurioso5edicao_3.jpg 830w, https:\/\/fabiocavalcante.com\/blog\/wp-content\/uploads\/2007\/03\/ArtesanatoFurioso5edicao_3-300x201.jpg 300w, https:\/\/fabiocavalcante.com\/blog\/wp-content\/uploads\/2007\/03\/ArtesanatoFurioso5edicao_3-768x515.jpg 768w\" sizes=\"auto, (max-width: 830px) 100vw, 830px\" \/><\/a><figcaption class=\"wp-element-caption\">Val\u00e9rio Fiel da Costa<\/figcaption><\/figure>\n<\/figure>\n","protected":false},"excerpt":{"rendered":"<p>Criado em 2000 por mim e&nbsp;Val\u00e9rio Fiel da Costa&nbsp;para apresentar nosso trabalho com eletroac\u00fastica, improvisa\u00e7\u00e3o e indetermina\u00e7\u00e3o, o&nbsp;Artesanato Furioso&nbsp;chegou na sua&nbsp;quinta edi\u00e7\u00e3o. \u00c0s 24:00h na Pauta Maldita do&nbsp;Teatro Waldemar Henrique&nbsp;(de novo eu l\u00e1, j\u00e1 que a&nbsp;abertura da &#8220;Pauta&#8221;, duas semanas antes, foi com o Doristi), nos apresentamos por duas noites. No dia 28 de fevereiro, [&hellip;]<\/p>\n","protected":false},"author":1,"featured_media":0,"comment_status":"open","ping_status":"open","sticky":false,"template":"","format":"standard","meta":{"footnotes":""},"categories":[2],"tags":[85,31,33,36],"class_list":["post-263","post","type-post","status-publish","format-standard","hentry","category-musicas-audios","tag-allan-carvalho","tag-ao-vivo","tag-artesanato-furioso","tag-teatro-waldemar-henrique"],"_links":{"self":[{"href":"https:\/\/fabiocavalcante.com\/blog\/wp-json\/wp\/v2\/posts\/263","targetHints":{"allow":["GET"]}}],"collection":[{"href":"https:\/\/fabiocavalcante.com\/blog\/wp-json\/wp\/v2\/posts"}],"about":[{"href":"https:\/\/fabiocavalcante.com\/blog\/wp-json\/wp\/v2\/types\/post"}],"author":[{"embeddable":true,"href":"https:\/\/fabiocavalcante.com\/blog\/wp-json\/wp\/v2\/users\/1"}],"replies":[{"embeddable":true,"href":"https:\/\/fabiocavalcante.com\/blog\/wp-json\/wp\/v2\/comments?post=263"}],"version-history":[{"count":36,"href":"https:\/\/fabiocavalcante.com\/blog\/wp-json\/wp\/v2\/posts\/263\/revisions"}],"predecessor-version":[{"id":4823,"href":"https:\/\/fabiocavalcante.com\/blog\/wp-json\/wp\/v2\/posts\/263\/revisions\/4823"}],"wp:attachment":[{"href":"https:\/\/fabiocavalcante.com\/blog\/wp-json\/wp\/v2\/media?parent=263"}],"wp:term":[{"taxonomy":"category","embeddable":true,"href":"https:\/\/fabiocavalcante.com\/blog\/wp-json\/wp\/v2\/categories?post=263"},{"taxonomy":"post_tag","embeddable":true,"href":"https:\/\/fabiocavalcante.com\/blog\/wp-json\/wp\/v2\/tags?post=263"}],"curies":[{"name":"wp","href":"https:\/\/api.w.org\/{rel}","templated":true}]}}