{"id":3442,"date":"2013-08-16T19:20:56","date_gmt":"2013-08-16T19:20:56","guid":{"rendered":"http:\/\/fabiocavalcante.com\/silabosom\/?p=454"},"modified":"2025-06-13T01:49:35","modified_gmt":"2025-06-13T01:49:35","slug":"doristi-cromatico","status":"publish","type":"post","link":"https:\/\/fabiocavalcante.com\/blog\/doristi-cromatico\/","title":{"rendered":"Doristi crom\u00e1tico"},"content":{"rendered":"\n<p>Essa \u00e9 uma varia\u00e7\u00e3o que t\u00f4 experimentando com o meu sistema harm\u00f4nico <a href=\"http:\/\/www.overmundo.com.br\/banco\/doristi-teoria-4\" target=\"_blank\" rel=\"noopener noreferrer\"><em>Doristi<\/em><\/a>. Chamei ele de crom\u00e1tico porque ele usa os intervalos do g\u00eanero crom\u00e1tico encontrado no sistema musical dos antigos gregos (descendentemente, a sequ\u00eancia \u00e9: 1 tom e 1\/2 + 1 semitom + 1 semitom + 1 tom e 1\/2 + 1 semitom + 1 semitom).&nbsp;Achei legal porque, at\u00e9 hoje, todas as invers\u00f5es <em>doristi<\/em> que fazia tornavam as melodias t\u00e3o palat\u00e1veis quanto as originais, mas essa varia\u00e7\u00e3o&nbsp;acaba com esse agrado.<\/p>\n\n\n\n<p>O exemplo abaixo foi tirado do met\u00f3do de divis\u00e3o de <a href=\"http:\/\/pt.wikipedia.org\/wiki\/Pasquale_Bona\" target=\"_blank\" rel=\"noopener noreferrer\">Bona<\/a>. \u00c9 o exerc\u00edcio 39, com uma harmoniza\u00e7\u00e3o minha.<\/p>\n\n\n\n<p>Melodia original (em D\u00f3)<\/p>\n\n\n\n<figure class=\"wp-block-image size-full\"><img loading=\"lazy\" decoding=\"async\" width=\"1024\" height=\"224\" src=\"https:\/\/fabiocavalcante.com\/blog\/wp-content\/uploads\/2013\/08\/Bonna-Exercicio-39-a-Original.jpg\" alt=\"\" class=\"wp-image-3393\" srcset=\"https:\/\/fabiocavalcante.com\/blog\/wp-content\/uploads\/2013\/08\/Bonna-Exercicio-39-a-Original.jpg 1024w, https:\/\/fabiocavalcante.com\/blog\/wp-content\/uploads\/2013\/08\/Bonna-Exercicio-39-a-Original-300x66.jpg 300w, https:\/\/fabiocavalcante.com\/blog\/wp-content\/uploads\/2013\/08\/Bonna-Exercicio-39-a-Original-768x168.jpg 768w\" sizes=\"auto, (max-width: 1024px) 100vw, 1024px\" \/><\/figure>\n\n\n\n<p>Pra ouvir:<\/p>\n\n\n\n<figure class=\"wp-block-audio\"><audio controls src=\"https:\/\/archive.org\/download\/TuitadasFGC05\/03-Bonna_Exercicio39Original_192kb.mp3\"><\/audio><\/figure>\n\n\n\n<p>Esta \u00e9 a vers\u00e3o invertida (em Mi doristi) da melodia acima.<\/p>\n\n\n\n<figure class=\"wp-block-image size-full\"><img loading=\"lazy\" decoding=\"async\" width=\"1024\" height=\"226\" src=\"https:\/\/fabiocavalcante.com\/blog\/wp-content\/uploads\/2013\/08\/Bonna-Exercicio-39-b-Doristi.jpg\" alt=\"\" class=\"wp-image-3394\" srcset=\"https:\/\/fabiocavalcante.com\/blog\/wp-content\/uploads\/2013\/08\/Bonna-Exercicio-39-b-Doristi.jpg 1024w, https:\/\/fabiocavalcante.com\/blog\/wp-content\/uploads\/2013\/08\/Bonna-Exercicio-39-b-Doristi-300x66.jpg 300w, https:\/\/fabiocavalcante.com\/blog\/wp-content\/uploads\/2013\/08\/Bonna-Exercicio-39-b-Doristi-768x170.jpg 768w\" sizes=\"auto, (max-width: 1024px) 100vw, 1024px\" \/><\/figure>\n\n\n\n<p>Pra ouvir:<\/p>\n\n\n\n<figure class=\"wp-block-audio\"><audio controls src=\"https:\/\/archive.org\/download\/TuitadasFGC05\/04-Bonna_Exercicio39Doristi_192kb.mp3\"><\/audio><\/figure>\n\n\n\n<p>E, por fim, esta \u00e9 a vers\u00e3o em&nbsp;<em>doristi crom\u00e1tico<\/em>. Pra isso, bemolizei as notas r\u00e9 e sol (A escala de mi doristi, com r\u00e9 e sol bemolizados, tem a sequ\u00eancia intervalar que j\u00e1 descrevi acima (1 tom e 1\/2 + 1 semitom + 1 semitom + 1 tom e 1\/2 + 1 semitom + 1 semitom).<\/p>\n\n\n\n<figure class=\"wp-block-image size-full\"><img loading=\"lazy\" decoding=\"async\" width=\"1024\" height=\"385\" src=\"https:\/\/fabiocavalcante.com\/blog\/wp-content\/uploads\/2013\/08\/Bonna-Exercicio-39-c-Doristi-Cromatico.jpg\" alt=\"\" class=\"wp-image-3395\" srcset=\"https:\/\/fabiocavalcante.com\/blog\/wp-content\/uploads\/2013\/08\/Bonna-Exercicio-39-c-Doristi-Cromatico.jpg 1024w, https:\/\/fabiocavalcante.com\/blog\/wp-content\/uploads\/2013\/08\/Bonna-Exercicio-39-c-Doristi-Cromatico-300x113.jpg 300w, https:\/\/fabiocavalcante.com\/blog\/wp-content\/uploads\/2013\/08\/Bonna-Exercicio-39-c-Doristi-Cromatico-768x289.jpg 768w\" sizes=\"auto, (max-width: 1024px) 100vw, 1024px\" \/><\/figure>\n\n\n\n<p>Ou\u00e7a:<\/p>\n\n\n\n<figure class=\"wp-block-audio\"><audio controls src=\"https:\/\/archive.org\/download\/TuitadasFGC05\/05-Bonna_Exercicio39DoristiCromatico_192kb.mp3\"><\/audio><\/figure>\n\n\n\n<div style=\"height:25px\" aria-hidden=\"true\" class=\"wp-block-spacer\"><\/div>\n\n\n\n<h6 class=\"wp-block-heading\">Atualiza\u00e7\u00e3o em 30 de agosto de 2013<\/h6>\n\n\n\n<p>Bem, <em>acabei de acabar<\/em> a melodia desse &#8220;Retumb\u00e3o dos infernos&#8221;, acompanhado por acordes em posi\u00e7\u00e3o fechada. \u00c9 um desdobramento da experimenta\u00e7\u00e3o que estou fazendo com o <em>Doristi<\/em>, o qual chamei de &#8220;Doristi Crom\u00e1tico&#8221;. O refr\u00e3o \u00e9, portanto, derivado do exerc\u00edcio 39 do m\u00e9todo de divis\u00e3o do <a href=\"http:\/\/pt.wikipedia.org\/wiki\/Pasquale_Bona\" target=\"_blank\" rel=\"noopener noreferrer\">P. Bona<\/a>; o resto \u00e9 totalmente original (#s\u00f3quen\u00e3o :P).<\/p>\n\n\n\n<div data-wp-interactive=\"core\/file\" class=\"wp-block-file\"><object data-wp-bind--hidden=\"!state.hasPdfPreview\" hidden class=\"wp-block-file__embed\" data=\"https:\/\/fabiocavalcante.com\/blog\/wp-content\/uploads\/2013\/08\/Retumbao-dos-infernos-melodia-e-acordes.pdf\" type=\"application\/pdf\" style=\"width:100%;height:600px\" aria-label=\"Incorporado de Retumb\u00e3o dos infernos (melodia e acordes).\"><\/object><a id=\"wp-block-file--media-171cf34e-b02c-4261-bcf5-80a6f0998b50\" href=\"https:\/\/fabiocavalcante.com\/blog\/wp-content\/uploads\/2013\/08\/Retumbao-dos-infernos-melodia-e-acordes.pdf\" target=\"_blank\" rel=\"noreferrer noopener\">Retumb\u00e3o dos infernos (melodia e acordes)<\/a><a href=\"https:\/\/fabiocavalcante.com\/blog\/wp-content\/uploads\/2013\/08\/Retumbao-dos-infernos-melodia-e-acordes.pdf\" class=\"wp-block-file__button wp-element-button\" download aria-describedby=\"wp-block-file--media-171cf34e-b02c-4261-bcf5-80a6f0998b50\">Baixar<\/a><\/div>\n\n\n\n<p>Pra ouvir, use o tocador abaixo.<\/p>\n\n\n\n<figure class=\"wp-block-audio\"><audio controls src=\"https:\/\/archive.org\/download\/TuitadasFGC05\/06-RetumbaoDosInfernos_MelodiaEAcordes_192kb.mp3\"><\/audio><\/figure>\n","protected":false},"excerpt":{"rendered":"<p>Essa \u00e9 uma varia\u00e7\u00e3o que t\u00f4 experimentando com o meu sistema harm\u00f4nico Doristi. Chamei ele de crom\u00e1tico porque ele usa os intervalos do g\u00eanero crom\u00e1tico encontrado no sistema musical dos antigos gregos (descendentemente, a sequ\u00eancia \u00e9: 1 tom e 1\/2 + 1 semitom + 1 semitom + 1 tom e 1\/2 + 1 semitom + [&hellip;]<\/p>\n","protected":false},"author":1,"featured_media":0,"comment_status":"open","ping_status":"open","sticky":false,"template":"","format":"standard","meta":{"footnotes":""},"categories":[2,4],"tags":[20],"class_list":["post-3442","post","type-post","status-publish","format-standard","hentry","category-musicas-audios","category-partituras","tag-doristi"],"_links":{"self":[{"href":"https:\/\/fabiocavalcante.com\/blog\/wp-json\/wp\/v2\/posts\/3442","targetHints":{"allow":["GET"]}}],"collection":[{"href":"https:\/\/fabiocavalcante.com\/blog\/wp-json\/wp\/v2\/posts"}],"about":[{"href":"https:\/\/fabiocavalcante.com\/blog\/wp-json\/wp\/v2\/types\/post"}],"author":[{"embeddable":true,"href":"https:\/\/fabiocavalcante.com\/blog\/wp-json\/wp\/v2\/users\/1"}],"replies":[{"embeddable":true,"href":"https:\/\/fabiocavalcante.com\/blog\/wp-json\/wp\/v2\/comments?post=3442"}],"version-history":[{"count":4,"href":"https:\/\/fabiocavalcante.com\/blog\/wp-json\/wp\/v2\/posts\/3442\/revisions"}],"predecessor-version":[{"id":4912,"href":"https:\/\/fabiocavalcante.com\/blog\/wp-json\/wp\/v2\/posts\/3442\/revisions\/4912"}],"wp:attachment":[{"href":"https:\/\/fabiocavalcante.com\/blog\/wp-json\/wp\/v2\/media?parent=3442"}],"wp:term":[{"taxonomy":"category","embeddable":true,"href":"https:\/\/fabiocavalcante.com\/blog\/wp-json\/wp\/v2\/categories?post=3442"},{"taxonomy":"post_tag","embeddable":true,"href":"https:\/\/fabiocavalcante.com\/blog\/wp-json\/wp\/v2\/tags?post=3442"}],"curies":[{"name":"wp","href":"https:\/\/api.w.org\/{rel}","templated":true}]}}