{"id":533,"date":"2014-10-18T20:24:05","date_gmt":"2014-10-18T20:24:05","guid":{"rendered":"http:\/\/fabiocavalcante.com\/blog\/?p=533"},"modified":"2025-06-13T02:20:47","modified_gmt":"2025-06-13T02:20:47","slug":"oswald-canibal-clipe","status":"publish","type":"post","link":"https:\/\/fabiocavalcante.com\/blog\/oswald-canibal-clipe\/","title":{"rendered":"Oswald Canibal (clipe)"},"content":{"rendered":"\n<p>&#8220;Oswald Canibal&#8221; \u00e9 a uma das faixa do \u00e1lbum &#8220;<a href=\"https:\/\/open.spotify.com\/intl-pt\/album\/1DYc5MMkicspQdeDcAGmPc\" target=\"_blank\" rel=\"noreferrer noopener nofollow\">Bel\u00e9m Incidental&#8221;<\/a>, e foi uma parceria minha com <a href=\"https:\/\/www.youtube.com\/channel\/UCrrAVpsx6HNAnLiAsYG7CTA\" target=\"_blank\" rel=\"noreferrer noopener\">Henry Burnett<\/a>, que aqui canta e toca o viol\u00e3o. A grava\u00e7\u00e3o contou com a participa\u00e7\u00e3o preciosa do Marcel Rocha na guitarra. Os arranjos, mixagem e demais instrumentos (todos virtuais) s\u00e3o meus, e a masteriza\u00e7\u00e3o do <a href=\"https:\/\/www.instagram.com\/renatotorres\/\" target=\"_blank\" rel=\"noreferrer noopener\">Renato Torres<\/a>.\u00a0A m\u00fasica ganhou um clipe, produzido pela <a href=\"https:\/\/www.facebook.com\/fotonfilmes\" target=\"_blank\" rel=\"noreferrer noopener\">F\u00f3ton Filmes<\/a>, e que foi lan\u00e7ado em setembro, na abertura do 2\u00b0 <a href=\"https:\/\/www.facebook.com\/fab.belem\" target=\"_blank\" rel=\"noreferrer noopener\">Festival de Audiovisual de Bel\u00e9m<\/a>. Confira a\u00ed:<\/p>\n\n\n\n<figure class=\"wp-block-embed is-type-rich is-provider-incorporar-manipulador wp-block-embed-incorporar-manipulador wp-embed-aspect-16-9 wp-has-aspect-ratio\"><div class=\"wp-block-embed__wrapper\">\n<iframe loading=\"lazy\" title=\"Oswald Canibal - Henry Burnett\" width=\"500\" height=\"281\" src=\"https:\/\/www.youtube.com\/embed\/zMfiV0RnY68?feature=oembed\" frameborder=\"0\" allow=\"accelerometer; autoplay; clipboard-write; encrypted-media; gyroscope; picture-in-picture; web-share\" referrerpolicy=\"strict-origin-when-cross-origin\" allowfullscreen><\/iframe>\n<\/div><\/figure>\n\n\n\n<figure class=\"wp-block-gallery has-nested-images columns-default is-cropped wp-block-gallery-1 is-layout-flex wp-block-gallery-is-layout-flex\">\n<figure class=\"wp-block-image size-large\"><a href=\"https:\/\/fabiocavalcante.com\/blog\/wp-content\/uploads\/2014\/10\/FabioEHenry.jpg\"><img loading=\"lazy\" decoding=\"async\" width=\"640\" height=\"480\" data-id=\"534\" src=\"https:\/\/fabiocavalcante.com\/blog\/wp-content\/uploads\/2014\/10\/FabioEHenry.jpg\" alt=\"F\u00e1bio Cavalcante e Henry Burn\" class=\"wp-image-534\" srcset=\"https:\/\/fabiocavalcante.com\/blog\/wp-content\/uploads\/2014\/10\/FabioEHenry.jpg 640w, https:\/\/fabiocavalcante.com\/blog\/wp-content\/uploads\/2014\/10\/FabioEHenry-300x225.jpg 300w\" sizes=\"auto, (max-width: 640px) 100vw, 640px\" \/><\/a><figcaption class=\"wp-element-caption\">Eu e Henry \u2013 de olho nas grava\u00e7\u00f5es.<\/figcaption><\/figure>\n\n\n\n<figure class=\"wp-block-image size-large\"><a href=\"https:\/\/fabiocavalcante.com\/blog\/wp-content\/uploads\/2014\/07\/Fabio-e-henry.jpg\"><img loading=\"lazy\" decoding=\"async\" width=\"681\" height=\"583\" data-id=\"593\" src=\"https:\/\/fabiocavalcante.com\/blog\/wp-content\/uploads\/2014\/07\/Fabio-e-henry.jpg\" alt=\"\" class=\"wp-image-593\" srcset=\"https:\/\/fabiocavalcante.com\/blog\/wp-content\/uploads\/2014\/07\/Fabio-e-henry.jpg 681w, https:\/\/fabiocavalcante.com\/blog\/wp-content\/uploads\/2014\/07\/Fabio-e-henry-300x257.jpg 300w\" sizes=\"auto, (max-width: 681px) 100vw, 681px\" \/><\/a><figcaption class=\"wp-element-caption\">Diretor executivo e diretor legislativo do projeto Oswald Canibal<\/figcaption><\/figure>\n<\/figure>\n","protected":false},"excerpt":{"rendered":"<p>&#8220;Oswald Canibal&#8221; \u00e9 a uma das faixa do \u00e1lbum &#8220;Bel\u00e9m Incidental&#8221;, e foi uma parceria minha com Henry Burnett, que aqui canta e toca o viol\u00e3o. A grava\u00e7\u00e3o contou com a participa\u00e7\u00e3o preciosa do Marcel Rocha na guitarra. Os arranjos, mixagem e demais instrumentos (todos virtuais) s\u00e3o meus, e a masteriza\u00e7\u00e3o do Renato Torres.\u00a0A m\u00fasica [&hellip;]<\/p>\n","protected":false},"author":1,"featured_media":0,"comment_status":"open","ping_status":"open","sticky":false,"template":"","format":"standard","meta":{"footnotes":""},"categories":[5],"tags":[49,25],"class_list":["post-533","post","type-post","status-publish","format-standard","hentry","category-videos","tag-arranjo","tag-cancao"],"_links":{"self":[{"href":"https:\/\/fabiocavalcante.com\/blog\/wp-json\/wp\/v2\/posts\/533","targetHints":{"allow":["GET"]}}],"collection":[{"href":"https:\/\/fabiocavalcante.com\/blog\/wp-json\/wp\/v2\/posts"}],"about":[{"href":"https:\/\/fabiocavalcante.com\/blog\/wp-json\/wp\/v2\/types\/post"}],"author":[{"embeddable":true,"href":"https:\/\/fabiocavalcante.com\/blog\/wp-json\/wp\/v2\/users\/1"}],"replies":[{"embeddable":true,"href":"https:\/\/fabiocavalcante.com\/blog\/wp-json\/wp\/v2\/comments?post=533"}],"version-history":[{"count":12,"href":"https:\/\/fabiocavalcante.com\/blog\/wp-json\/wp\/v2\/posts\/533\/revisions"}],"predecessor-version":[{"id":4922,"href":"https:\/\/fabiocavalcante.com\/blog\/wp-json\/wp\/v2\/posts\/533\/revisions\/4922"}],"wp:attachment":[{"href":"https:\/\/fabiocavalcante.com\/blog\/wp-json\/wp\/v2\/media?parent=533"}],"wp:term":[{"taxonomy":"category","embeddable":true,"href":"https:\/\/fabiocavalcante.com\/blog\/wp-json\/wp\/v2\/categories?post=533"},{"taxonomy":"post_tag","embeddable":true,"href":"https:\/\/fabiocavalcante.com\/blog\/wp-json\/wp\/v2\/tags?post=533"}],"curies":[{"name":"wp","href":"https:\/\/api.w.org\/{rel}","templated":true}]}}