{"id":541,"date":"2014-12-12T22:37:32","date_gmt":"2014-12-12T22:37:32","guid":{"rendered":"http:\/\/fabiocavalcante.com\/blog\/?p=541"},"modified":"2025-05-31T22:26:45","modified_gmt":"2025-05-31T22:26:45","slug":"design-de-superficie-na-amazonia","status":"publish","type":"post","link":"https:\/\/fabiocavalcante.com\/blog\/design-de-superficie-na-amazonia\/","title":{"rendered":"Design de Superf\u00edcie na Amaz\u00f4nia"},"content":{"rendered":"\n<p>Aqui est\u00e3o produtos do projeto \u201cDesign de superf\u00edcie na Amaz\u00f4nia: refer\u00eancias visuais da iconografia arqueol\u00f3gica do oeste do Par\u00e1 no desenvolvimento de estampas t\u00eaxteis\u201d da&nbsp;<a href=\"http:\/\/lucianaleal.art.br\/\" target=\"_blank\" rel=\"noreferrer noopener\">Luciana Leal<\/a>, contemplado pela 13\u00aa edi\u00e7\u00e3o da Bolsa de Cria\u00e7\u00e3o, Experimenta\u00e7\u00e3o, Pesquisa e Divulga\u00e7\u00e3o Art\u00edstica do&nbsp;<a href=\"http:\/\/blogdoiap.blogspot.com\/\" target=\"_blank\" rel=\"noreferrer noopener\">Instituto de Artes do Par\u00e1 (IAP)<\/a>&nbsp;\u2013 2014.<\/p>\n\n\n\n<p>O projeto foi idealizado com a inten\u00e7\u00e3o de pesquisar refer\u00eancias visuais em pe\u00e7as arqueol\u00f3gicas dos \u00edndios Tapaj\u00f3s, da regi\u00e3o oeste do Par\u00e1, a fim de produzir estampas&nbsp;cont\u00ednuas para aplica\u00e7\u00e3o em tecido. No dia 9 de dezembro rolou o vernissage da exposi\u00e7\u00e3o no Instituto de Artes do Par\u00e1, em Bel\u00e9m, com 20 estampas&nbsp;impressas em tecido; quadros estampados; a publica\u00e7\u00e3o online de um cat\u00e1logo com as estampas do projeto; relato de experi\u00eancia da Luciana; bate-papo e uma tocada minha com controladores.<\/p>\n\n\n\n<p>O v\u00eddeo a seguir \u00e9 ilustrado com fotos e outras imagens produzidas no projeto, e o \u00e1udio dele foi o gravado na noite do vernissage.<\/p>\n\n\n\n<figure class=\"wp-block-embed is-type-video is-provider-youtube wp-block-embed-youtube wp-embed-aspect-16-9 wp-has-aspect-ratio\"><div class=\"wp-block-embed__wrapper\">\n<iframe loading=\"lazy\" title=\"Design de Superf\u00edcie na Amaz\u00f4nia -Luciana Leal [Relato de experi\u00eancia. IAP, Bel\u00e9m, 2014]\" width=\"500\" height=\"281\" src=\"https:\/\/www.youtube.com\/embed\/t9oLysCc4KM?feature=oembed\" frameborder=\"0\" allow=\"accelerometer; autoplay; clipboard-write; encrypted-media; gyroscope; picture-in-picture; web-share\" referrerpolicy=\"strict-origin-when-cross-origin\" allowfullscreen><\/iframe>\n<\/div><\/figure>\n\n\n\n<p>Todas as estampas criadas tiveram como inspira\u00e7\u00e3o as pe\u00e7as arqueol\u00f3gicas do&nbsp;<a rel=\"noreferrer noopener\" href=\"http:\/\/curtarqueologia.blogspot.com\/\" target=\"_blank\">Laborat\u00f3rio Curt Nimuendaju<\/a>, da&nbsp;<a rel=\"noreferrer noopener\" href=\"http:\/\/www.ufopa.edu.br\/\" target=\"_blank\">Universidade Federal do Oeste do Par\u00e1 \u2013 UFOPA<\/a>, que est\u00e3o reunidos no&nbsp;cat\u00e1logo \u201cDesign de Superf\u00edcie na Amaz\u00f4nia \u2013 Estampas Tapaj\u00f4nicas\u201d.<\/p>\n\n\n\n<div data-wp-interactive=\"core\/file\" class=\"wp-block-file\"><object data-wp-bind--hidden=\"!state.hasPdfPreview\" hidden class=\"wp-block-file__embed\" data=\"https:\/\/fabiocavalcante.com\/blog\/wp-content\/uploads\/2014\/12\/DesignDeSuperficieNaAmazonia-EstampasTapajonicas_LucianaLeal_comprimido.pdf\" type=\"application\/pdf\" style=\"width:100%;height:600px\" aria-label=\"Incorporado de Design de Superf\u00edcie na Amaz\u00f4nia: Estampas Tapaj\u00f4nicas - Luciana Leal.\"><\/object><a id=\"wp-block-file--media-6a169a06-d2ab-4f4c-bb6f-417215a133e1\" href=\"https:\/\/fabiocavalcante.com\/blog\/wp-content\/uploads\/2014\/12\/DesignDeSuperficieNaAmazonia-EstampasTapajonicas_LucianaLeal_comprimido.pdf\" target=\"_blank\" rel=\"noreferrer noopener\">Design de Superf\u00edcie na Amaz\u00f4nia: Estampas Tapaj\u00f4nicas &#8211; Luciana Leal<\/a><a href=\"https:\/\/fabiocavalcante.com\/blog\/wp-content\/uploads\/2014\/12\/DesignDeSuperficieNaAmazonia-EstampasTapajonicas_LucianaLeal_comprimido.pdf\" class=\"wp-block-file__button wp-element-button\" download aria-describedby=\"wp-block-file--media-6a169a06-d2ab-4f4c-bb6f-417215a133e1\">Baixar<\/a><\/div>\n\n\n\n<p>O \u00e1lbum abaixo&nbsp;\u00e9 o registro em fotos da noite de&nbsp;abertura da exposi\u00e7\u00e3o.<\/p>\n\n\n\n<figure class=\"wp-block-gallery has-nested-images columns-3 is-cropped wp-block-gallery-1 is-layout-flex wp-block-gallery-is-layout-flex\">\n<figure class=\"wp-block-image size-large\"><a href=\"https:\/\/fabiocavalcante.com\/blog\/wp-content\/uploads\/2014\/12\/DesignDeSuperficieNaAmazonia_Vernissage01.jpg\"><img loading=\"lazy\" decoding=\"async\" width=\"575\" height=\"1024\" data-id=\"2034\" src=\"https:\/\/fabiocavalcante.com\/blog\/wp-content\/uploads\/2014\/12\/DesignDeSuperficieNaAmazonia_Vernissage01-575x1024.jpg\" alt=\"Painel da exposi\u00e7\u00e3o Design de Superf\u00edcie na Amaz\u00f4nica, de Luciana Leal, no IAP, em Bel\u00e9m\" class=\"wp-image-2034\" srcset=\"https:\/\/fabiocavalcante.com\/blog\/wp-content\/uploads\/2014\/12\/DesignDeSuperficieNaAmazonia_Vernissage01-575x1024.jpg 575w, https:\/\/fabiocavalcante.com\/blog\/wp-content\/uploads\/2014\/12\/DesignDeSuperficieNaAmazonia_Vernissage01-169x300.jpg 169w, https:\/\/fabiocavalcante.com\/blog\/wp-content\/uploads\/2014\/12\/DesignDeSuperficieNaAmazonia_Vernissage01.jpg 719w\" sizes=\"auto, (max-width: 575px) 100vw, 575px\" \/><\/a><\/figure>\n\n\n\n<figure class=\"wp-block-image size-large\"><a href=\"https:\/\/fabiocavalcante.com\/blog\/wp-content\/uploads\/2014\/12\/DesignDeSuperficieNaAmazonia_Vernissage02.jpg\"><img loading=\"lazy\" decoding=\"async\" width=\"1024\" height=\"768\" data-id=\"2035\" src=\"https:\/\/fabiocavalcante.com\/blog\/wp-content\/uploads\/2014\/12\/DesignDeSuperficieNaAmazonia_Vernissage02-1024x768.jpg\" alt=\"Luciana Leal palestrando sobre o projeto Design de Superf\u00edcie na Amaz\u00f4nia\" class=\"wp-image-2035\" srcset=\"https:\/\/fabiocavalcante.com\/blog\/wp-content\/uploads\/2014\/12\/DesignDeSuperficieNaAmazonia_Vernissage02-1024x768.jpg 1024w, https:\/\/fabiocavalcante.com\/blog\/wp-content\/uploads\/2014\/12\/DesignDeSuperficieNaAmazonia_Vernissage02-300x225.jpg 300w, https:\/\/fabiocavalcante.com\/blog\/wp-content\/uploads\/2014\/12\/DesignDeSuperficieNaAmazonia_Vernissage02-768x576.jpg 768w, https:\/\/fabiocavalcante.com\/blog\/wp-content\/uploads\/2014\/12\/DesignDeSuperficieNaAmazonia_Vernissage02.jpg 1280w\" sizes=\"auto, (max-width: 1024px) 100vw, 1024px\" \/><\/a><\/figure>\n\n\n\n<figure class=\"wp-block-image size-large\"><a href=\"https:\/\/fabiocavalcante.com\/blog\/wp-content\/uploads\/2014\/12\/DesignDeSuperficieNaAmazonia_Vernissage03.jpg\"><img loading=\"lazy\" decoding=\"async\" width=\"576\" height=\"1024\" data-id=\"2036\" src=\"https:\/\/fabiocavalcante.com\/blog\/wp-content\/uploads\/2014\/12\/DesignDeSuperficieNaAmazonia_Vernissage03-576x1024.jpg\" alt=\"P\u00fablico da exposi\u00e7\u00e3o Design de Superf\u00edcie na Amazo\u0302nia, no IAP, Bel\u00e9m, 2014\" class=\"wp-image-2036\" srcset=\"https:\/\/fabiocavalcante.com\/blog\/wp-content\/uploads\/2014\/12\/DesignDeSuperficieNaAmazonia_Vernissage03-576x1024.jpg 576w, https:\/\/fabiocavalcante.com\/blog\/wp-content\/uploads\/2014\/12\/DesignDeSuperficieNaAmazonia_Vernissage03-169x300.jpg 169w, https:\/\/fabiocavalcante.com\/blog\/wp-content\/uploads\/2014\/12\/DesignDeSuperficieNaAmazonia_Vernissage03.jpg 720w\" sizes=\"auto, (max-width: 576px) 100vw, 576px\" \/><\/a><\/figure>\n\n\n\n<figure class=\"wp-block-image size-large\"><a href=\"https:\/\/fabiocavalcante.com\/blog\/wp-content\/uploads\/2014\/12\/DesignDeSuperficieNaAmazonia_Vernissage04.jpg\"><img loading=\"lazy\" decoding=\"async\" width=\"1024\" height=\"575\" data-id=\"2037\" src=\"https:\/\/fabiocavalcante.com\/blog\/wp-content\/uploads\/2014\/12\/DesignDeSuperficieNaAmazonia_Vernissage04-1024x575.jpg\" alt=\"Imagem da exposi\u00e7\u00e3o Design de Superf\u00edcie na Amaz\u00f4nica, de Luciana Leal, no IAP, Bel\u00e9m, Par\u00e1, em 2014.\" class=\"wp-image-2037\" srcset=\"https:\/\/fabiocavalcante.com\/blog\/wp-content\/uploads\/2014\/12\/DesignDeSuperficieNaAmazonia_Vernissage04-1024x575.jpg 1024w, https:\/\/fabiocavalcante.com\/blog\/wp-content\/uploads\/2014\/12\/DesignDeSuperficieNaAmazonia_Vernissage04-300x169.jpg 300w, https:\/\/fabiocavalcante.com\/blog\/wp-content\/uploads\/2014\/12\/DesignDeSuperficieNaAmazonia_Vernissage04-768x431.jpg 768w, https:\/\/fabiocavalcante.com\/blog\/wp-content\/uploads\/2014\/12\/DesignDeSuperficieNaAmazonia_Vernissage04.jpg 1280w\" sizes=\"auto, (max-width: 1024px) 100vw, 1024px\" \/><\/a><\/figure>\n\n\n\n<figure class=\"wp-block-image size-large\"><a href=\"https:\/\/fabiocavalcante.com\/blog\/wp-content\/uploads\/2014\/12\/DesignDeSuperficieNaAmazonia_Vernissage05.jpg\"><img loading=\"lazy\" decoding=\"async\" width=\"575\" height=\"1024\" data-id=\"2038\" src=\"https:\/\/fabiocavalcante.com\/blog\/wp-content\/uploads\/2014\/12\/DesignDeSuperficieNaAmazonia_Vernissage05-575x1024.jpg\" alt=\"Pe\u00e7as da exposi\u00e7\u00e3o Design de Superf\u00edcie na Amaz\u00f4nica, de Luciana Leal, no IAP, Bel\u00e9m, Par\u00e1, em 2014.\" class=\"wp-image-2038\" srcset=\"https:\/\/fabiocavalcante.com\/blog\/wp-content\/uploads\/2014\/12\/DesignDeSuperficieNaAmazonia_Vernissage05-575x1024.jpg 575w, https:\/\/fabiocavalcante.com\/blog\/wp-content\/uploads\/2014\/12\/DesignDeSuperficieNaAmazonia_Vernissage05-169x300.jpg 169w, https:\/\/fabiocavalcante.com\/blog\/wp-content\/uploads\/2014\/12\/DesignDeSuperficieNaAmazonia_Vernissage05.jpg 719w\" sizes=\"auto, (max-width: 575px) 100vw, 575px\" \/><\/a><\/figure>\n\n\n\n<figure class=\"wp-block-image size-large\"><a href=\"https:\/\/fabiocavalcante.com\/blog\/wp-content\/uploads\/2014\/12\/DesignDeSuperficieNaAmazonia_Vernissage06.jpg\"><img loading=\"lazy\" decoding=\"async\" width=\"1024\" height=\"768\" data-id=\"2039\" src=\"https:\/\/fabiocavalcante.com\/blog\/wp-content\/uploads\/2014\/12\/DesignDeSuperficieNaAmazonia_Vernissage06-1024x768.jpg\" alt=\"Pe\u00e7as da exposi\u00e7\u00e3o Design de Superf\u00edcie na Amaz\u00f4nica, de Luciana Leal, no IAP, Bel\u00e9m, Par\u00e1, em 2014.\" class=\"wp-image-2039\" srcset=\"https:\/\/fabiocavalcante.com\/blog\/wp-content\/uploads\/2014\/12\/DesignDeSuperficieNaAmazonia_Vernissage06-1024x768.jpg 1024w, https:\/\/fabiocavalcante.com\/blog\/wp-content\/uploads\/2014\/12\/DesignDeSuperficieNaAmazonia_Vernissage06-300x225.jpg 300w, https:\/\/fabiocavalcante.com\/blog\/wp-content\/uploads\/2014\/12\/DesignDeSuperficieNaAmazonia_Vernissage06-768x576.jpg 768w, https:\/\/fabiocavalcante.com\/blog\/wp-content\/uploads\/2014\/12\/DesignDeSuperficieNaAmazonia_Vernissage06.jpg 1280w\" sizes=\"auto, (max-width: 1024px) 100vw, 1024px\" \/><\/a><\/figure>\n\n\n\n<figure class=\"wp-block-image size-large\"><a href=\"https:\/\/fabiocavalcante.com\/blog\/wp-content\/uploads\/2014\/12\/DesignDeSuperficieNaAmazonia_Vernissage07.jpg\"><img loading=\"lazy\" decoding=\"async\" width=\"1024\" height=\"768\" data-id=\"2040\" src=\"https:\/\/fabiocavalcante.com\/blog\/wp-content\/uploads\/2014\/12\/DesignDeSuperficieNaAmazonia_Vernissage07-1024x768.jpg\" alt=\"Pe\u00e7as da exposi\u00e7\u00e3o Design de Superf\u00edcie na Amaz\u00f4nica, de Luciana Leal, no IAP, Bel\u00e9m, Par\u00e1, em 2014.\" class=\"wp-image-2040\" srcset=\"https:\/\/fabiocavalcante.com\/blog\/wp-content\/uploads\/2014\/12\/DesignDeSuperficieNaAmazonia_Vernissage07-1024x768.jpg 1024w, https:\/\/fabiocavalcante.com\/blog\/wp-content\/uploads\/2014\/12\/DesignDeSuperficieNaAmazonia_Vernissage07-300x225.jpg 300w, https:\/\/fabiocavalcante.com\/blog\/wp-content\/uploads\/2014\/12\/DesignDeSuperficieNaAmazonia_Vernissage07-768x576.jpg 768w, https:\/\/fabiocavalcante.com\/blog\/wp-content\/uploads\/2014\/12\/DesignDeSuperficieNaAmazonia_Vernissage07.jpg 1280w\" sizes=\"auto, (max-width: 1024px) 100vw, 1024px\" \/><\/a><\/figure>\n\n\n\n<figure class=\"wp-block-image size-large\"><a href=\"https:\/\/fabiocavalcante.com\/blog\/wp-content\/uploads\/2014\/12\/DesignDeSuperficieNaAmazonia_Vernissage08.jpg\"><img loading=\"lazy\" decoding=\"async\" width=\"1024\" height=\"768\" data-id=\"2041\" src=\"https:\/\/fabiocavalcante.com\/blog\/wp-content\/uploads\/2014\/12\/DesignDeSuperficieNaAmazonia_Vernissage08-1024x768.jpg\" alt=\"Pe\u00e7as da exposi\u00e7\u00e3o Design de Superf\u00edcie na Amaz\u00f4nica, de Luciana Leal, no IAP, Bel\u00e9m, Par\u00e1, em 2014.\" class=\"wp-image-2041\" srcset=\"https:\/\/fabiocavalcante.com\/blog\/wp-content\/uploads\/2014\/12\/DesignDeSuperficieNaAmazonia_Vernissage08-1024x768.jpg 1024w, https:\/\/fabiocavalcante.com\/blog\/wp-content\/uploads\/2014\/12\/DesignDeSuperficieNaAmazonia_Vernissage08-300x225.jpg 300w, https:\/\/fabiocavalcante.com\/blog\/wp-content\/uploads\/2014\/12\/DesignDeSuperficieNaAmazonia_Vernissage08-768x576.jpg 768w, https:\/\/fabiocavalcante.com\/blog\/wp-content\/uploads\/2014\/12\/DesignDeSuperficieNaAmazonia_Vernissage08.jpg 1280w\" sizes=\"auto, (max-width: 1024px) 100vw, 1024px\" \/><\/a><\/figure>\n\n\n\n<figure class=\"wp-block-image size-large\"><a href=\"https:\/\/fabiocavalcante.com\/blog\/wp-content\/uploads\/2014\/12\/DesignDeSuperficieNaAmazonia_Vernissage09.jpg\"><img loading=\"lazy\" decoding=\"async\" width=\"1024\" height=\"768\" data-id=\"2042\" src=\"https:\/\/fabiocavalcante.com\/blog\/wp-content\/uploads\/2014\/12\/DesignDeSuperficieNaAmazonia_Vernissage09-1024x768.jpg\" alt=\"Pe\u00e7as da exposi\u00e7\u00e3o Design de Superf\u00edcie na Amaz\u00f4nica, de Luciana Leal, no IAP, Bel\u00e9m, Par\u00e1, em 2014.\" class=\"wp-image-2042\" srcset=\"https:\/\/fabiocavalcante.com\/blog\/wp-content\/uploads\/2014\/12\/DesignDeSuperficieNaAmazonia_Vernissage09-1024x768.jpg 1024w, https:\/\/fabiocavalcante.com\/blog\/wp-content\/uploads\/2014\/12\/DesignDeSuperficieNaAmazonia_Vernissage09-300x225.jpg 300w, https:\/\/fabiocavalcante.com\/blog\/wp-content\/uploads\/2014\/12\/DesignDeSuperficieNaAmazonia_Vernissage09-768x576.jpg 768w, https:\/\/fabiocavalcante.com\/blog\/wp-content\/uploads\/2014\/12\/DesignDeSuperficieNaAmazonia_Vernissage09.jpg 1280w\" sizes=\"auto, (max-width: 1024px) 100vw, 1024px\" \/><\/a><\/figure>\n\n\n\n<figure class=\"wp-block-image size-large\"><a href=\"https:\/\/fabiocavalcante.com\/blog\/wp-content\/uploads\/2014\/12\/DesignDeSuperficieNaAmazonia_Vernissage10.jpg\"><img loading=\"lazy\" decoding=\"async\" width=\"1024\" height=\"768\" data-id=\"2043\" src=\"https:\/\/fabiocavalcante.com\/blog\/wp-content\/uploads\/2014\/12\/DesignDeSuperficieNaAmazonia_Vernissage10-1024x768.jpg\" alt=\"Pe\u00e7as da exposi\u00e7\u00e3o Design de Superf\u00edcie na Amaz\u00f4nica, de Luciana Leal, no IAP, Bel\u00e9m, Par\u00e1, em 2014.\" class=\"wp-image-2043\" srcset=\"https:\/\/fabiocavalcante.com\/blog\/wp-content\/uploads\/2014\/12\/DesignDeSuperficieNaAmazonia_Vernissage10-1024x768.jpg 1024w, https:\/\/fabiocavalcante.com\/blog\/wp-content\/uploads\/2014\/12\/DesignDeSuperficieNaAmazonia_Vernissage10-300x225.jpg 300w, https:\/\/fabiocavalcante.com\/blog\/wp-content\/uploads\/2014\/12\/DesignDeSuperficieNaAmazonia_Vernissage10-768x576.jpg 768w, https:\/\/fabiocavalcante.com\/blog\/wp-content\/uploads\/2014\/12\/DesignDeSuperficieNaAmazonia_Vernissage10.jpg 1280w\" sizes=\"auto, (max-width: 1024px) 100vw, 1024px\" \/><\/a><\/figure>\n\n\n\n<figure class=\"wp-block-image size-large\"><a href=\"https:\/\/fabiocavalcante.com\/blog\/wp-content\/uploads\/2014\/12\/DesignDeSuperficieNaAmazonia_Vernissage11.jpg\"><img loading=\"lazy\" decoding=\"async\" width=\"1024\" height=\"768\" data-id=\"2044\" src=\"https:\/\/fabiocavalcante.com\/blog\/wp-content\/uploads\/2014\/12\/DesignDeSuperficieNaAmazonia_Vernissage11-1024x768.jpg\" alt=\"Pe\u00e7as da exposi\u00e7\u00e3o Design de Superf\u00edcie na Amaz\u00f4nica, de Luciana Leal, no IAP, Bel\u00e9m, Par\u00e1, em 2014.\" class=\"wp-image-2044\" srcset=\"https:\/\/fabiocavalcante.com\/blog\/wp-content\/uploads\/2014\/12\/DesignDeSuperficieNaAmazonia_Vernissage11-1024x768.jpg 1024w, https:\/\/fabiocavalcante.com\/blog\/wp-content\/uploads\/2014\/12\/DesignDeSuperficieNaAmazonia_Vernissage11-300x225.jpg 300w, https:\/\/fabiocavalcante.com\/blog\/wp-content\/uploads\/2014\/12\/DesignDeSuperficieNaAmazonia_Vernissage11-768x576.jpg 768w, https:\/\/fabiocavalcante.com\/blog\/wp-content\/uploads\/2014\/12\/DesignDeSuperficieNaAmazonia_Vernissage11.jpg 1280w\" sizes=\"auto, (max-width: 1024px) 100vw, 1024px\" \/><\/a><\/figure>\n\n\n\n<figure class=\"wp-block-image size-large\"><a href=\"https:\/\/fabiocavalcante.com\/blog\/wp-content\/uploads\/2014\/12\/DesignDeSuperficieNaAmazonia_Vernissage12.jpg\"><img loading=\"lazy\" decoding=\"async\" width=\"1024\" height=\"576\" data-id=\"2045\" src=\"https:\/\/fabiocavalcante.com\/blog\/wp-content\/uploads\/2014\/12\/DesignDeSuperficieNaAmazonia_Vernissage12-1024x576.jpg\" alt=\"Apresenta\u00e7\u00e3o de m\u00fasica eletr\u00f4nica experimental.\" class=\"wp-image-2045\" srcset=\"https:\/\/fabiocavalcante.com\/blog\/wp-content\/uploads\/2014\/12\/DesignDeSuperficieNaAmazonia_Vernissage12-1024x576.jpg 1024w, https:\/\/fabiocavalcante.com\/blog\/wp-content\/uploads\/2014\/12\/DesignDeSuperficieNaAmazonia_Vernissage12-300x169.jpg 300w, https:\/\/fabiocavalcante.com\/blog\/wp-content\/uploads\/2014\/12\/DesignDeSuperficieNaAmazonia_Vernissage12-768x432.jpg 768w, https:\/\/fabiocavalcante.com\/blog\/wp-content\/uploads\/2014\/12\/DesignDeSuperficieNaAmazonia_Vernissage12.jpg 1280w\" sizes=\"auto, (max-width: 1024px) 100vw, 1024px\" \/><\/a><\/figure>\n\n\n\n<figure class=\"wp-block-image size-large\"><a href=\"https:\/\/fabiocavalcante.com\/blog\/wp-content\/uploads\/2014\/12\/DesignDeSuperficieNaAmazonia_Vernissage13.jpg\"><img loading=\"lazy\" decoding=\"async\" width=\"678\" height=\"377\" data-id=\"2046\" src=\"https:\/\/fabiocavalcante.com\/blog\/wp-content\/uploads\/2014\/12\/DesignDeSuperficieNaAmazonia_Vernissage13.jpg\" alt=\"Apresenta\u00e7\u00e3o de m\u00fasica eletr\u00f4nica experimental.\" class=\"wp-image-2046\" srcset=\"https:\/\/fabiocavalcante.com\/blog\/wp-content\/uploads\/2014\/12\/DesignDeSuperficieNaAmazonia_Vernissage13.jpg 678w, https:\/\/fabiocavalcante.com\/blog\/wp-content\/uploads\/2014\/12\/DesignDeSuperficieNaAmazonia_Vernissage13-300x167.jpg 300w\" sizes=\"auto, (max-width: 678px) 100vw, 678px\" \/><\/a><\/figure>\n\n\n\n<figure class=\"wp-block-image size-large\"><a href=\"https:\/\/fabiocavalcante.com\/blog\/wp-content\/uploads\/2014\/12\/DesignDeSuperficieNaAmazonia_Vernissage14.jpg\"><img loading=\"lazy\" decoding=\"async\" width=\"1024\" height=\"768\" data-id=\"2047\" src=\"https:\/\/fabiocavalcante.com\/blog\/wp-content\/uploads\/2014\/12\/DesignDeSuperficieNaAmazonia_Vernissage14-1024x768.jpg\" alt=\"Tela de proje\u00e7\u00e3o\" class=\"wp-image-2047\" srcset=\"https:\/\/fabiocavalcante.com\/blog\/wp-content\/uploads\/2014\/12\/DesignDeSuperficieNaAmazonia_Vernissage14-1024x768.jpg 1024w, https:\/\/fabiocavalcante.com\/blog\/wp-content\/uploads\/2014\/12\/DesignDeSuperficieNaAmazonia_Vernissage14-300x225.jpg 300w, https:\/\/fabiocavalcante.com\/blog\/wp-content\/uploads\/2014\/12\/DesignDeSuperficieNaAmazonia_Vernissage14-768x576.jpg 768w, https:\/\/fabiocavalcante.com\/blog\/wp-content\/uploads\/2014\/12\/DesignDeSuperficieNaAmazonia_Vernissage14.jpg 1280w\" sizes=\"auto, (max-width: 1024px) 100vw, 1024px\" \/><\/a><\/figure>\n<\/figure>\n\n\n\n<p>E a seguir tem a&nbsp;tocada minha que rolou ap\u00f3s o bate-papo com a Luciana.&nbsp;A m\u00fasica \u00e9 um arranjo pro Allemande do Solo para Flauta Transversal de Bach, programado e executado num Maschine; e foi feita pensando num desfile com pe\u00e7as de vestu\u00e1rio confeccionadas a partir dos tecidos da exposi\u00e7\u00e3o.<\/p>\n\n\n\n<figure class=\"wp-block-audio\"><audio controls src=\"https:\/\/archive.org\/download\/AllemandeAoVivoNoIap\/Allemande_AoVivoNoIap_256kb.mp3\"><\/audio><\/figure>\n\n\n\n<p>Se quiser acompanhar o trabalho da Luciana, tem mais coisas no <a rel=\"noreferrer noopener\" href=\"http:\/\/www.flickr.com\/luleal\" target=\"_blank\">perfil dela no Flickr<\/a>; e para mais informa\u00e7\u00f5es sobre o projeto, o email pra contato \u00e9&nbsp;leallucian@gmail.com.<\/p>\n\n\n\n<figure class=\"wp-block-image aligncenter size-large is-resized\"><img loading=\"lazy\" decoding=\"async\" width=\"664\" height=\"1024\" src=\"https:\/\/fabiocavalcante.com\/blog\/wp-content\/uploads\/2014\/12\/cartaz_designdesuperficie-664x1024.jpg\" alt=\"Cartaz da exposi\u00e7\u00e3o Design de Superf\u00edcie na Amaz\u00f4nica\" class=\"wp-image-561\" style=\"width:498px;height:768px\" srcset=\"https:\/\/fabiocavalcante.com\/blog\/wp-content\/uploads\/2014\/12\/cartaz_designdesuperficie-664x1024.jpg 664w, https:\/\/fabiocavalcante.com\/blog\/wp-content\/uploads\/2014\/12\/cartaz_designdesuperficie-195x300.jpg 195w, https:\/\/fabiocavalcante.com\/blog\/wp-content\/uploads\/2014\/12\/cartaz_designdesuperficie-768x1184.jpg 768w, https:\/\/fabiocavalcante.com\/blog\/wp-content\/uploads\/2014\/12\/cartaz_designdesuperficie.jpg 900w\" sizes=\"auto, (max-width: 664px) 100vw, 664px\" \/><figcaption class=\"wp-element-caption\">Cartaz <\/figcaption><\/figure>\n","protected":false},"excerpt":{"rendered":"<p>Aqui est\u00e3o produtos do projeto \u201cDesign de superf\u00edcie na Amaz\u00f4nia: refer\u00eancias visuais da iconografia arqueol\u00f3gica do oeste do Par\u00e1 no desenvolvimento de estampas t\u00eaxteis\u201d da&nbsp;Luciana Leal, contemplado pela 13\u00aa edi\u00e7\u00e3o da Bolsa de Cria\u00e7\u00e3o, Experimenta\u00e7\u00e3o, Pesquisa e Divulga\u00e7\u00e3o Art\u00edstica do&nbsp;Instituto de Artes do Par\u00e1 (IAP)&nbsp;\u2013 2014. O projeto foi idealizado com a inten\u00e7\u00e3o de pesquisar [&hellip;]<\/p>\n","protected":false},"author":1,"featured_media":561,"comment_status":"open","ping_status":"open","sticky":false,"template":"","format":"standard","meta":{"footnotes":""},"categories":[2,5],"tags":[31,18,26,32],"class_list":["post-541","post","type-post","status-publish","format-standard","has-post-thumbnail","hentry","category-musicas-audios","category-videos","tag-ao-vivo","tag-controlador-midi","tag-musica-instrumental","tag-santarem"],"_links":{"self":[{"href":"https:\/\/fabiocavalcante.com\/blog\/wp-json\/wp\/v2\/posts\/541","targetHints":{"allow":["GET"]}}],"collection":[{"href":"https:\/\/fabiocavalcante.com\/blog\/wp-json\/wp\/v2\/posts"}],"about":[{"href":"https:\/\/fabiocavalcante.com\/blog\/wp-json\/wp\/v2\/types\/post"}],"author":[{"embeddable":true,"href":"https:\/\/fabiocavalcante.com\/blog\/wp-json\/wp\/v2\/users\/1"}],"replies":[{"embeddable":true,"href":"https:\/\/fabiocavalcante.com\/blog\/wp-json\/wp\/v2\/comments?post=541"}],"version-history":[{"count":35,"href":"https:\/\/fabiocavalcante.com\/blog\/wp-json\/wp\/v2\/posts\/541\/revisions"}],"predecessor-version":[{"id":4773,"href":"https:\/\/fabiocavalcante.com\/blog\/wp-json\/wp\/v2\/posts\/541\/revisions\/4773"}],"wp:featuredmedia":[{"embeddable":true,"href":"https:\/\/fabiocavalcante.com\/blog\/wp-json\/wp\/v2\/media\/561"}],"wp:attachment":[{"href":"https:\/\/fabiocavalcante.com\/blog\/wp-json\/wp\/v2\/media?parent=541"}],"wp:term":[{"taxonomy":"category","embeddable":true,"href":"https:\/\/fabiocavalcante.com\/blog\/wp-json\/wp\/v2\/categories?post=541"},{"taxonomy":"post_tag","embeddable":true,"href":"https:\/\/fabiocavalcante.com\/blog\/wp-json\/wp\/v2\/tags?post=541"}],"curies":[{"name":"wp","href":"https:\/\/api.w.org\/{rel}","templated":true}]}}