{"id":74,"date":"2012-01-06T21:03:06","date_gmt":"2012-01-06T21:03:06","guid":{"rendered":"http:\/\/fabiocavalcante.com\/silabosom\/?p=74"},"modified":"2025-06-12T23:48:53","modified_gmt":"2025-06-12T23:48:53","slug":"folias-de-reis-em-ourem","status":"publish","type":"post","link":"https:\/\/fabiocavalcante.com\/blog\/folias-de-reis-em-ourem\/","title":{"rendered":"Folias de Reis em Our\u00e9m"},"content":{"rendered":"\n<p>Aproveitando que hoje \u00e9 Dia de Reis, compartilho aqui duas grava\u00e7\u00f5es de folias de reis que fiz com o sanfoneiro Jo\u00e3o Cego, de Our\u00e9m, em janeiro de 2004, prum especial no programa Sala de Reboco, da r\u00e1dio Temb\u00e9s FM, onde eu o era apresentador. Ou\u00e7a a\u00ed &#8220;Pam, pam, pam, bateu na porta&#8221;.<\/p>\n\n\n\n<figure class=\"wp-block-audio\"><audio controls src=\"https:\/\/archive.org\/download\/TuitadasFGC03\/02-FoliaDeReis_JoaoCego_192kb.mp3\"><\/audio><\/figure>\n\n\n\n<p>Essa outra grava\u00e7\u00e3o, \u201cSomos cantador de reis\u201d, foi pro mesmo especial; e tamb\u00e9m versa sobre a folia de reis.<\/p>\n\n\n\n<figure class=\"wp-block-audio\"><audio controls src=\"https:\/\/archive.org\/download\/TuitadasFGC03\/03-SomosCantadorDeReis_JoaoCego_192kb.mp3\"><\/audio><\/figure>\n\n\n\n<figure class=\"wp-block-image size-full\"><img loading=\"lazy\" decoding=\"async\" width=\"856\" height=\"642\" src=\"https:\/\/fabiocavalcante.com\/blog\/wp-content\/uploads\/2012\/01\/joao_cego_na_radio_tembes.jpg\" alt=\"\" class=\"wp-image-4885\" srcset=\"https:\/\/fabiocavalcante.com\/blog\/wp-content\/uploads\/2012\/01\/joao_cego_na_radio_tembes.jpg 856w, https:\/\/fabiocavalcante.com\/blog\/wp-content\/uploads\/2012\/01\/joao_cego_na_radio_tembes-300x225.jpg 300w, https:\/\/fabiocavalcante.com\/blog\/wp-content\/uploads\/2012\/01\/joao_cego_na_radio_tembes-768x576.jpg 768w\" sizes=\"auto, (max-width: 856px) 100vw, 856px\" \/><figcaption class=\"wp-element-caption\">Jo\u00e3o Cego na r\u00e1dio Temb\u00e9s de Our\u00e9m.<\/figcaption><\/figure>\n","protected":false},"excerpt":{"rendered":"<p>Aproveitando que hoje \u00e9 Dia de Reis, compartilho aqui duas grava\u00e7\u00f5es de folias de reis que fiz com o sanfoneiro Jo\u00e3o Cego, de Our\u00e9m, em janeiro de 2004, prum especial no programa Sala de Reboco, da r\u00e1dio Temb\u00e9s FM, onde eu o era apresentador. Ou\u00e7a a\u00ed &#8220;Pam, pam, pam, bateu na porta&#8221;. Essa outra grava\u00e7\u00e3o, [&hellip;]<\/p>\n","protected":false},"author":1,"featured_media":0,"comment_status":"open","ping_status":"open","sticky":false,"template":"","format":"standard","meta":{"footnotes":""},"categories":[43,2],"tags":[39],"class_list":["post-74","post","type-post","status-publish","format-standard","hentry","category-folclore-paraense","category-musicas-audios","tag-ourem"],"_links":{"self":[{"href":"https:\/\/fabiocavalcante.com\/blog\/wp-json\/wp\/v2\/posts\/74","targetHints":{"allow":["GET"]}}],"collection":[{"href":"https:\/\/fabiocavalcante.com\/blog\/wp-json\/wp\/v2\/posts"}],"about":[{"href":"https:\/\/fabiocavalcante.com\/blog\/wp-json\/wp\/v2\/types\/post"}],"author":[{"embeddable":true,"href":"https:\/\/fabiocavalcante.com\/blog\/wp-json\/wp\/v2\/users\/1"}],"replies":[{"embeddable":true,"href":"https:\/\/fabiocavalcante.com\/blog\/wp-json\/wp\/v2\/comments?post=74"}],"version-history":[{"count":6,"href":"https:\/\/fabiocavalcante.com\/blog\/wp-json\/wp\/v2\/posts\/74\/revisions"}],"predecessor-version":[{"id":4887,"href":"https:\/\/fabiocavalcante.com\/blog\/wp-json\/wp\/v2\/posts\/74\/revisions\/4887"}],"wp:attachment":[{"href":"https:\/\/fabiocavalcante.com\/blog\/wp-json\/wp\/v2\/media?parent=74"}],"wp:term":[{"taxonomy":"category","embeddable":true,"href":"https:\/\/fabiocavalcante.com\/blog\/wp-json\/wp\/v2\/categories?post=74"},{"taxonomy":"post_tag","embeddable":true,"href":"https:\/\/fabiocavalcante.com\/blog\/wp-json\/wp\/v2\/tags?post=74"}],"curies":[{"name":"wp","href":"https:\/\/api.w.org\/{rel}","templated":true}]}}